{"id":5394,"date":"2026-09-05T13:07:30","date_gmt":"2026-09-05T11:07:30","guid":{"rendered":"https:\/\/geschwisterbuechner.de\/?p=5394"},"modified":"2026-09-05T13:10:05","modified_gmt":"2026-09-05T11:10:05","slug":"der-sogenannte-fatalismusbrief-georg-buechners-und-die-buechnerforschung-mehr-als-ein-jahrhundert-fake-news","status":"publish","type":"post","link":"https:\/\/geschwisterbuechner.de\/?p=5394","title":{"rendered":"Der sogenannte Fatalismusbrief\u00a0Georg B\u00fcchners und die B\u00fcchnerforschung\u00a0&#8211; mehr als ein Jahrhundert Fake-News"},"content":{"rendered":"\n<p><strong><span style=\"color: #222222;\"><span style=\"font-family: Helvetica Neue, Helvetica, Arial, sans-serif;\"><span style=\"font-size: medium;\">Gastbeitrag von Herbert Wender<\/span><\/span><\/span><\/strong><\/p>\n<p>&nbsp;<\/p>\n<p><span style=\"color: #222222;\"><span style=\"font-family: Helvetica Neue, Helvetica, Arial, sans-serif;\"><span style=\"font-size: medium;\"><b>Vorbemerkung<\/b><\/span><\/span><\/span><\/p>\n<p><span style=\"color: #222222;\"><span style=\"font-family: Helvetica Neue, Helvetica, Arial, sans-serif;\"><span style=\"font-size: medium;\">Nachdem in der Georg B\u00fcchner-Gesellschaft textkritische Fragen nicht mehr er\u00f6rtert werden, weil nach Abschlu\u00df der Marburger B\u00fcchner-Ausgabe dieses Vereinsziel erreicht ist (oder sei &#8211; pb) und man sich nun ganz dem Inhalt der Schriften widmet, fehlt ein Forum des Austauschs f\u00fcr diejenigen, die nicht alles f\u00fcr abschlie\u00dfend gekl\u00e4rt halten. Da\u00df bislang einige wichtige Fragen, der \u00dcberlieferung wie der Textkonstitution, offen geblieben sind, ist meine These seit dem Erscheinen des ersten MBA-Bandes (vgl. Wender 2001). Das Angebot von Peter Brunner, im Blog einmal allgemeinverst\u00e4ndlich darzulegen, was hinter dem oft beklagten Hickhack der Textkritiker in der Zeit zwischen 1980 und 2015 steckt, habe ich deshalb gerne angenommen. Als Paradebeispiel w\u00e4hle ich den sogenannten Fatalismusbrief. Diesen Text, der 1850 vom j\u00fcngeren Bruder Ludwig B\u00fcchner auf der Grundlage eines Hefts mit undatierten Briefausz\u00fcgen,(Abschreiberin: die Adressatin Wilhelmine Jaegl\u00e9) als Teil der &#8222;Nachgelassenen Schriften&#8220; erstmals gedruckt wurde, mu\u00df jede\/r ber\u00fccksichtigen, der bzw. die sich \u00fcber Georg B\u00fcchner als politisch handelnden Menschen eine Meinung bilden will.<\/span><\/span><\/span><\/p>\n<p><span style=\"color: #222222;\"><span style=\"font-family: Helvetica Neue, Helvetica, Arial, sans-serif;\"><span style=\"font-size: medium;\"><b>Eine zentrale Frage:<br \/>Wann wurde der Text geschrieben?<\/b>\u00a0<\/span><\/span><\/span><\/p>\n<p><span style=\"color: #222222;\">\u201e<span style=\"font-family: Helvetica Neue, Helvetica, Arial, sans-serif;\"><span style=\"font-size: medium;\"><i>Ich studirte die Geschichte der Revolution. Ich f\u00fchlte mich wie zernichtet unter dem gr\u00e4\u00dflichen Fatalismus der Geschichte. [\u2026] Ich gew\u00f6hnte mein Auge ans Blut. Aber ich bin kein Guillotinenmesser.\u201c<\/i><br \/><\/span><\/span><\/span><\/p>\n<p><span style=\"color: #222222;\"><span style=\"font-family: Helvetica Neue, Helvetica, Arial, sans-serif;\"><span style=\"font-size: medium;\">Diese Kernpassage hat zu den heftigsten Auseinandersetzungen dar\u00fcber gef\u00fchrt, wann genau sie geschrieben wurde:\u00a0<\/span><\/span><\/span><\/p>\n<ul style=\"list-style-type: disc;\">\n<li>\n<p><span style=\"color: #222222;\"><span style=\"font-family: Helvetica Neue, Helvetica, Arial, sans-serif;\"><span style=\"font-size: medium;\">Fr\u00fchjahr 1834\u00a0 \u00a0 \u00a0 (Fritz Bergeman 1922),<\/span><\/span><\/span><span style=\"font-size: medium; font-family: 'Helvetica Neue', Helvetica, Arial, sans-serif; color: #222222;\">\u00a0<\/span><\/p>\n<\/li>\n<li><span style=\"color: #222222;\"><span style=\"font-family: Helvetica Neue, Helvetica, Arial, sans-serif;\"><span style=\"font-size: medium;\">November 1833\u00a0 \u00a0(ders. ab 1940),<\/span><\/span><\/span><\/li>\n<li>\n<p><span style=\"color: #222222;\"><span style=\"font-family: Helvetica Neue, Helvetica, Arial, sans-serif;\"><span style=\"font-size: medium;\">M\u00e4rz 1834\u00a0 \u00a0 \u00a0 \u00a0 \u00a0 \u00a0 (Werner R. Lehmann 1967),<\/span><\/span><\/span><\/p>\n<\/li>\n<li>\n<p><span style=\"color: #222222;\"><span style=\"font-family: Helvetica Neue, Helvetica, Arial, sans-serif;\"><span style=\"font-size: medium;\">M\u00e4rz 1834.\u00a0 \u00a0 \u00a0 \u00a0 \u00a0 \u00a0 \u00a0(Thomas Michael Mayer 1979),<\/span><\/span><\/span><\/p>\n<\/li>\n<li>\n<p><span style=\"color: #222222;\"><span style=\"font-family: Helvetica Neue, Helvetica, Arial, sans-serif;\"><span style=\"font-size: medium;\">Januar 1834.\u00a0 \u00a0 \u00a0 \u00a0 \u00a0 (Jan-Christoph Hauschild 1989),<\/span><\/span><\/span><\/p>\n<\/li>\n<li>\n<p><span style=\"color: #222222;\"><span style=\"font-family: Helvetica Neue, Helvetica, Arial, sans-serif;\"><span style=\"font-size: medium;\">Januar 1834\u00a0 \u00a0 \u00a0 \u00a0 \u00a0 \u00a0(Th. M. Mayer\/Reinhard Pabst 1994),<\/span><\/span><\/span><\/p>\n<\/li>\n<li>\n<p><span style=\"color: #222222;\"><span style=\"font-family: Helvetica Neue, Helvetica, Arial, sans-serif;\"><span style=\"font-size: medium;\">Januar 1834\u00a0 \u00a0 \u00a0 \u00a0 \u00a0 \u00a0(Henri Poschmann 1999),<\/span><\/span><\/span><\/p>\n<\/li>\n<li>\n<p><span style=\"color: #222222;\"><span style=\"font-family: Helvetica Neue, Helvetica, Arial, sans-serif;\"><span style=\"font-size: medium;\">Mitte Jan. 1834\u00a0 \u00a0 \u00a0 (Burghard Dedner im Briefwechsel-Band der MBA 20..) oder<\/span><\/span><\/span><\/p>\n<\/li>\n<li>\n<p><span style=\"color: #222222;\"><span style=\"font-family: Helvetica Neue, Helvetica, Arial, sans-serif;\"><span style=\"font-size: medium;\">teils Ende Nov.,\u00a0 \u00a0 \u00a0 \u00a0(meine These)?<br \/>teils Anf. Dez.1833\u00a0<\/span><\/span><\/span><\/p>\n<\/li>\n<\/ul>\n<p><span style=\"color: #222222;\"><span style=\"font-family: Helvetica Neue, Helvetica, Arial, sans-serif;\"><span style=\"font-size: medium;\">Den Grund f\u00fcr die bisweilen \u00e4u\u00dferst scharf gef\u00fchrten Debatten hat\u00a0Dedner\u00a0im &gt;buechnerportal&lt; b\u00fcndig zusammengefa\u00dft:<\/span><\/span><\/span><\/p>\n<p><span style=\"color: #222222;\">\u201e<span style=\"font-family: Helvetica Neue, Helvetica, Arial, sans-serif;\"><span style=\"font-size: medium;\"><i>Wilhelmine Jaegl\u00e9 hatte zu keinem der Briefe das Datum mitgeteilt. Deshalb ist die Antwort auf die Datierungsfrage dem Scharfsinn der Herausgeber \u00fcberlassen. Immerhin ist das Datum nicht unwichtig, denn zur Debatte steht h\u00e4ufig das zeitliche Verh\u00e4ltnis dieses Briefes zur Niederschrift\u00a0des\u00a0Hessischen Landboten.\u201c<\/i><\/span><\/span><\/span><span style=\"color: #222222;\"><span style=\"font-family: Helvetica Neue, Helvetica, Arial, sans-serif;\"><span style=\"font-size: medium;\"><br \/><\/span><\/span><\/span><\/p>\n<p><span style=\"color: #222222;\"><span style=\"font-family: Helvetica Neue, Helvetica, Arial, sans-serif;\"><span style=\"font-size: medium;\"><b>Ist der fragliche &#8222;Brief&#8220; ein editorisches Konstrukt?<\/b><\/span><\/span><\/span><\/p>\n<p><span style=\"color: #222222;\"><span style=\"font-family: Helvetica Neue, Helvetica, Arial, sans-serif;\"><span style=\"font-size: medium;\">Schon in den fr\u00fchen 1990er Jahren\u00a0hatte ich in einem unver\u00f6ffentlichten Arbeitspapier die Vermutung ge\u00e4u\u00dfert, da\u00df es sich bei dem vieldiskutierten &#8222;Brief&#8220; um ein editorisches Konstrukt, eine Kontamination von Ausz\u00fcgen aus verschiedenen Briefen handelt und da\u00df folglich mehr als nur\u00a0<i>ein<\/i>\u00a0Darum zu bestimmen ist. Unter dieser Hypothese ist der erste Absatz getrennt zu betrachten. Er beginnt\u00a0mit einer Beschreibung von Gie\u00dfen und Umgebung, wo sich B\u00fcchner,\u00a0nach vier Auslandssemestern,\u00a0zur Fortsetzung des Studiums (Wintersemester 1833\/34) seit Ende Oktober 1833 aufhielt, und zwar erst einmal nur bis Ende November, weil er krankheitsbedingt vor\u00fcbergehend zur Familie nach Darmstadt zur\u00fcckkehren mu\u00dfte. Nach meiner These gilt f\u00fcr diesen Absatz die Datierung, die von Ludwig B\u00fcchner f\u00fcr das ganze Textst\u00fcck nahegelegt hattee: Gie\u00dfen, zu Beginn des Wintersemesters 1833\/34:<\/span><\/span><\/span><\/p>\n<p><span style=\"color: #222222;\">\u201e<span style=\"font-family: Helvetica Neue, Helvetica, Arial, sans-serif;\"><span style=\"font-size: medium;\"><i>Hier ist kein Berg, wo die Aussicht frei sei. H\u00fcgel hinter H\u00fcgel und breite Th\u00e4ler, eine hohle Mittelm\u00e4\u00dfigkeit in Allem; ich kann mich nicht an diese Natur gew\u00f6hnen, und die Stadt ist abscheulich. Bei uns ist Fr\u00fchling, ich kann deinen Veilchenstrau\u00df immer ersetzen, er ist unsterblich wie der Lama. [\u2026] Je bai[s]e les petites mains, en go\u00fbtant les souvenirs doux de Strasbourg.\u201c<\/i><\/span><\/span><\/span><\/p>\n<p><strong><span style=\"color: #222222;\"><span style=\"font-family: Helvetica Neue, Helvetica, Arial, sans-serif;\"><span style=\"font-size: medium;\">Aber &#8220; Fr\u00fchling&#8220; ? &#8222;Veilchenstrau\u00df&#8220; ? Zu Beginn des Wintersemesters?<\/span><\/span><\/span><\/strong><\/p>\n<p>&nbsp;<\/p>\n<p><a href=\"https:\/\/geschwisterbuechner.de\/wp-content\/uploads\/2026\/09\/20190319_Viola_odorata_6-scaled.jpg\"><img loading=\"lazy\" decoding=\"async\" class=\"size-medium wp-image-5396 aligncenter\" src=\"https:\/\/geschwisterbuechner.de\/wp-content\/uploads\/2026\/09\/20190319_Viola_odorata_6-300x225.jpg\" alt=\"\" width=\"300\" height=\"225\" srcset=\"https:\/\/geschwisterbuechner.de\/wp-content\/uploads\/2026\/09\/20190319_Viola_odorata_6-300x225.jpg 300w, https:\/\/geschwisterbuechner.de\/wp-content\/uploads\/2026\/09\/20190319_Viola_odorata_6-1024x768.jpg 1024w, https:\/\/geschwisterbuechner.de\/wp-content\/uploads\/2026\/09\/20190319_Viola_odorata_6-768x576.jpg 768w, https:\/\/geschwisterbuechner.de\/wp-content\/uploads\/2026\/09\/20190319_Viola_odorata_6-1536x1152.jpg 1536w, https:\/\/geschwisterbuechner.de\/wp-content\/uploads\/2026\/09\/20190319_Viola_odorata_6-2048x1536.jpg 2048w, https:\/\/geschwisterbuechner.de\/wp-content\/uploads\/2026\/09\/20190319_Viola_odorata_6-676x507.jpg 676w\" sizes=\"auto, (max-width: 300px) 100vw, 300px\" \/><\/a><\/p>\n<p><span style=\"color: #222222;\"><span style=\"font-family: Helvetica Neue, Helvetica, Arial, sans-serif;\"><span style=\"font-size: medium;\">Zu Beginn des 20. Jahrhunderts regten sich erste Zweifel (Zobel von Zabeltitz), so da\u00df sich der erste wissenschaftliche Heraussgeber, der junge Fritz Bergemann, zu einer Konjektur veranla\u00dft sah (s. oben in der Aufz\u00e4hlung). Es dauerte indessen keine zwei Jahrzehnte, bis er davon abr\u00fcckte; das &gt;buechnerportal&lt; stellt lapidar fest:<\/span><\/span><\/span><\/p>\n<p><span style=\"color: #222222;\">\u201e<span style=\"font-family: Helvetica Neue, Helvetica, Arial, sans-serif;\"><span style=\"font-size: medium;\"><i>Fritz Bergemann, der erste wissenschaftliche Herausgeber des Briefes, datierte den Brief in seiner Ausgabe von 1922 auf \u00bbFr\u00fchjahr 34?\u00ab, in einer sp\u00e4teren\u00a0Ausgabe von 1940 auf \u00bbNovember 1833\u00ab.\u201c<\/i><\/span><\/span><\/span><\/p>\n<p><span style=\"color: #222222;\"><span style=\"font-family: Helvetica Neue, Helvetica, Arial, sans-serif;\"><span style=\"font-size: medium;\">\u00dcber Bergemans Gr\u00fcnde kann man wohl nur spekulieren, doch hat es f\u00fcr mich den Anschein, da\u00df er scharfsinniger war als die sp\u00e4tere Forschung. Diese Auffassung werde ich in der n\u00e4chsten Folge meines Gastbeitrags zu erl\u00e4utern versuchen.<\/span><\/span><\/span><\/p>\n<p><span style=\"color: #222222;\"><span style=\"font-family: Helvetica Neue, Helvetica, Arial, sans-serif;\"><span style=\"font-size: medium;\"><b>Nachbemerkung<\/b><\/span><\/span><\/span><\/p>\n<p><span style=\"color: #222222;\"><span style=\"font-family: Helvetica Neue, Helvetica, Arial, sans-serif;\"><span style=\"font-size: medium;\">Es w\u00e4re mir sehr lieb, wenn Nachfragen zu oder Kritik an diesem ersten Teil <strong>&#8218;zeitnah&#8216; <\/strong><\/span><\/span><\/span><strong><span style=\"color: #222222;\"><span style=\"font-family: Helvetica Neue, Helvetica, Arial, sans-serif;\"><span style=\"font-size: medium;\">hier als <\/span><\/span><\/span><\/strong><span style=\"color: #222222;\"><span style=\"font-family: Helvetica Neue, Helvetica, Arial, sans-serif;\"><span style=\"font-size: medium;\"><strong>Kommentar<\/strong> <em>(oben unter &#8222;Kommentar&#8220;)<\/em> eingegeben w\u00fcrde, damit ich darauf in einer der n\u00e4chsten Folgen anwenden kann. Wenn das jemand nicht-\u00f6ffentlich tun will, kann sie bzw. er mich \u00fcber folgende Email-Adresse erreichen: <\/span><\/span><\/span><span style=\"color: #5e5e5e;\"><span style=\"font-family: Google Sans, Roboto, RobotoDraft, Helvetica, Arial, sans-serif;\"><span style=\"font-size: medium;\">drwender@aol.com<\/span><\/span><\/span><\/p>\n<p>&nbsp;<\/p>\n<p>&nbsp;<\/p>\n","protected":false},"excerpt":{"rendered":"<p>&#8230; was hinter dem oft beklagten Hickhack der Textkritiker in der Zeit zwischen 1980 und 2015 steckt<\/p>\n","protected":false},"author":76194,"featured_media":0,"comment_status":"open","ping_status":"open","sticky":false,"template":"","format":"standard","meta":{"footnotes":""},"categories":[22,491,18],"tags":[494,496,495],"class_list":["post-5394","post","type-post","status-publish","format-standard","hentry","category-buchner-jubilaen","category-gastbeittrag","category-georg-buchner","tag-datierung","tag-fatalismusbrief","tag-gastbeitrag","post-preview"],"yoast_head":"<!-- This site is optimized with the Yoast SEO plugin v28.4 - https:\/\/yoast.com\/product\/yoast-seo-wordpress\/ -->\n<title>Der sogenannte Fatalismusbrief\u00a0Georg B\u00fcchners und die B\u00fcchnerforschung\u00a0- mehr als ein Jahrhundert Fake-News - Neues aus Buechnerland<\/title>\n<meta name=\"robots\" content=\"index, follow, max-snippet:-1, max-image-preview:large, max-video-preview:-1\" \/>\n<link rel=\"canonical\" href=\"https:\/\/geschwisterbuechner.de\/?p=5394\" \/>\n<meta property=\"og:locale\" content=\"de_DE\" \/>\n<meta property=\"og:type\" content=\"article\" \/>\n<meta property=\"og:title\" content=\"Der sogenannte Fatalismusbrief\u00a0Georg B\u00fcchners und die B\u00fcchnerforschung\u00a0- mehr als ein Jahrhundert Fake-News - Neues aus Buechnerland\" \/>\n<meta property=\"og:description\" content=\"... was hinter dem oft beklagten Hickhack der Textkritiker in der Zeit zwischen 1980 und 2015 steckt\" \/>\n<meta property=\"og:url\" content=\"https:\/\/geschwisterbuechner.de\/?p=5394\" \/>\n<meta property=\"og:site_name\" content=\"Neues aus Buechnerland\" \/>\n<meta property=\"article:published_time\" content=\"2026-09-05T11:07:30+00:00\" \/>\n<meta property=\"article:modified_time\" content=\"2026-09-05T11:10:05+00:00\" \/>\n<meta property=\"og:image\" content=\"https:\/\/geschwisterbuechner.de\/wp-content\/uploads\/2026\/09\/20190319_Viola_odorata_6-scaled.jpg\" \/>\n\t<meta property=\"og:image:width\" content=\"2560\" \/>\n\t<meta property=\"og:image:height\" content=\"1920\" \/>\n\t<meta property=\"og:image:type\" content=\"image\/jpeg\" \/>\n<meta name=\"author\" content=\"Peter Brunner\" \/>\n<meta name=\"twitter:card\" content=\"summary_large_image\" \/>\n<meta name=\"twitter:creator\" content=\"@s_p_brunner\" \/>\n<meta name=\"twitter:site\" content=\"@s_p_brunner\" \/>\n<meta name=\"twitter:label1\" content=\"Verfasst von\" \/>\n\t<meta name=\"twitter:data1\" content=\"Peter Brunner\" \/>\n\t<meta name=\"twitter:label2\" content=\"Gesch\u00e4tzte Lesezeit\" \/>\n\t<meta name=\"twitter:data2\" content=\"5\u00a0Minuten\" \/>\n<script type=\"application\/ld+json\" class=\"yoast-schema-graph\">{\"@context\":\"https:\\\/\\\/schema.org\",\"@graph\":[{\"@type\":\"Article\",\"@id\":\"https:\\\/\\\/geschwisterbuechner.de\\\/?p=5394#article\",\"isPartOf\":{\"@id\":\"https:\\\/\\\/geschwisterbuechner.de\\\/?p=5394\"},\"author\":{\"name\":\"Peter Brunner\",\"@id\":\"https:\\\/\\\/geschwisterbuechner.de\\\/#\\\/schema\\\/person\\\/005588e82ebe7216360d5959d0ffed11\"},\"headline\":\"Der sogenannte Fatalismusbrief\u00a0Georg B\u00fcchners und die B\u00fcchnerforschung\u00a0&#8211; mehr als ein Jahrhundert Fake-News\",\"datePublished\":\"2026-09-05T11:07:30+00:00\",\"dateModified\":\"2026-09-05T11:10:05+00:00\",\"mainEntityOfPage\":{\"@id\":\"https:\\\/\\\/geschwisterbuechner.de\\\/?p=5394\"},\"wordCount\":760,\"commentCount\":0,\"publisher\":{\"@id\":\"https:\\\/\\\/geschwisterbuechner.de\\\/#\\\/schema\\\/person\\\/ec81f262408192ea04c51ee9c89d48d9\"},\"image\":{\"@id\":\"https:\\\/\\\/geschwisterbuechner.de\\\/?p=5394#primaryimage\"},\"thumbnailUrl\":\"https:\\\/\\\/geschwisterbuechner.de\\\/wp-content\\\/uploads\\\/2026\\\/09\\\/20190319_Viola_odorata_6-300x225.jpg\",\"keywords\":[\"Datierung\",\"Fatalismusbrief\",\"Gastbeitrag\"],\"articleSection\":[\"B\u00fcchner\",\"Gastbeittrag\",\"Georg B\u00fcchner\"],\"inLanguage\":\"de\",\"potentialAction\":[{\"@type\":\"CommentAction\",\"name\":\"Comment\",\"target\":[\"https:\\\/\\\/geschwisterbuechner.de\\\/?p=5394#respond\"]}]},{\"@type\":\"WebPage\",\"@id\":\"https:\\\/\\\/geschwisterbuechner.de\\\/?p=5394\",\"url\":\"https:\\\/\\\/geschwisterbuechner.de\\\/?p=5394\",\"name\":\"Der sogenannte Fatalismusbrief\u00a0Georg B\u00fcchners und die B\u00fcchnerforschung\u00a0- mehr als ein Jahrhundert Fake-News - Neues aus Buechnerland\",\"isPartOf\":{\"@id\":\"https:\\\/\\\/geschwisterbuechner.de\\\/#website\"},\"primaryImageOfPage\":{\"@id\":\"https:\\\/\\\/geschwisterbuechner.de\\\/?p=5394#primaryimage\"},\"image\":{\"@id\":\"https:\\\/\\\/geschwisterbuechner.de\\\/?p=5394#primaryimage\"},\"thumbnailUrl\":\"https:\\\/\\\/geschwisterbuechner.de\\\/wp-content\\\/uploads\\\/2026\\\/09\\\/20190319_Viola_odorata_6-300x225.jpg\",\"datePublished\":\"2026-09-05T11:07:30+00:00\",\"dateModified\":\"2026-09-05T11:10:05+00:00\",\"breadcrumb\":{\"@id\":\"https:\\\/\\\/geschwisterbuechner.de\\\/?p=5394#breadcrumb\"},\"inLanguage\":\"de\",\"potentialAction\":[{\"@type\":\"ReadAction\",\"target\":[\"https:\\\/\\\/geschwisterbuechner.de\\\/?p=5394\"]}]},{\"@type\":\"ImageObject\",\"inLanguage\":\"de\",\"@id\":\"https:\\\/\\\/geschwisterbuechner.de\\\/?p=5394#primaryimage\",\"url\":\"https:\\\/\\\/geschwisterbuechner.de\\\/wp-content\\\/uploads\\\/2026\\\/09\\\/20190319_Viola_odorata_6-scaled.jpg\",\"contentUrl\":\"https:\\\/\\\/geschwisterbuechner.de\\\/wp-content\\\/uploads\\\/2026\\\/09\\\/20190319_Viola_odorata_6-scaled.jpg\",\"width\":2560,\"height\":1920},{\"@type\":\"BreadcrumbList\",\"@id\":\"https:\\\/\\\/geschwisterbuechner.de\\\/?p=5394#breadcrumb\",\"itemListElement\":[{\"@type\":\"ListItem\",\"position\":1,\"name\":\"Startseite\",\"item\":\"https:\\\/\\\/geschwisterbuechner.de\\\/\"},{\"@type\":\"ListItem\",\"position\":2,\"name\":\"Der sogenannte Fatalismusbrief\u00a0Georg B\u00fcchners und die B\u00fcchnerforschung\u00a0&#8211; mehr als ein Jahrhundert Fake-News\"}]},{\"@type\":\"WebSite\",\"@id\":\"https:\\\/\\\/geschwisterbuechner.de\\\/#website\",\"url\":\"https:\\\/\\\/geschwisterbuechner.de\\\/\",\"name\":\"Neues aus Buechnerland\",\"description\":\"Peter Brunners Buechnerblog\",\"publisher\":{\"@id\":\"https:\\\/\\\/geschwisterbuechner.de\\\/#\\\/schema\\\/person\\\/ec81f262408192ea04c51ee9c89d48d9\"},\"potentialAction\":[{\"@type\":\"SearchAction\",\"target\":{\"@type\":\"EntryPoint\",\"urlTemplate\":\"https:\\\/\\\/geschwisterbuechner.de\\\/?s={search_term_string}\"},\"query-input\":{\"@type\":\"PropertyValueSpecification\",\"valueRequired\":true,\"valueName\":\"search_term_string\"}}],\"inLanguage\":\"de\"},{\"@type\":[\"Person\",\"Organization\"],\"@id\":\"https:\\\/\\\/geschwisterbuechner.de\\\/#\\\/schema\\\/person\\\/ec81f262408192ea04c51ee9c89d48d9\",\"name\":\"peter brunner\",\"image\":{\"@type\":\"ImageObject\",\"inLanguage\":\"de\",\"@id\":\"https:\\\/\\\/secure.gravatar.com\\\/avatar\\\/b6195224d15188d95b27ef2d5a30de7ec9d4b75805cd922fc20b18ef8165d1e4?s=96&d=mm&r=g\",\"url\":\"https:\\\/\\\/secure.gravatar.com\\\/avatar\\\/b6195224d15188d95b27ef2d5a30de7ec9d4b75805cd922fc20b18ef8165d1e4?s=96&d=mm&r=g\",\"contentUrl\":\"https:\\\/\\\/secure.gravatar.com\\\/avatar\\\/b6195224d15188d95b27ef2d5a30de7ec9d4b75805cd922fc20b18ef8165d1e4?s=96&d=mm&r=g\",\"caption\":\"peter brunner\"},\"logo\":{\"@id\":\"https:\\\/\\\/secure.gravatar.com\\\/avatar\\\/b6195224d15188d95b27ef2d5a30de7ec9d4b75805cd922fc20b18ef8165d1e4?s=96&d=mm&r=g\"}},{\"@type\":\"Person\",\"@id\":\"https:\\\/\\\/geschwisterbuechner.de\\\/#\\\/schema\\\/person\\\/005588e82ebe7216360d5959d0ffed11\",\"name\":\"Peter Brunner\",\"image\":{\"@type\":\"ImageObject\",\"inLanguage\":\"de\",\"@id\":\"https:\\\/\\\/secure.gravatar.com\\\/avatar\\\/bec268cfdc29a606682efefdbab7859cd58345ee6b9822fe6b49a5140b3daff0?s=96&d=mm&r=g\",\"url\":\"https:\\\/\\\/secure.gravatar.com\\\/avatar\\\/bec268cfdc29a606682efefdbab7859cd58345ee6b9822fe6b49a5140b3daff0?s=96&d=mm&r=g\",\"contentUrl\":\"https:\\\/\\\/secure.gravatar.com\\\/avatar\\\/bec268cfdc29a606682efefdbab7859cd58345ee6b9822fe6b49a5140b3daff0?s=96&d=mm&r=g\",\"caption\":\"Peter Brunner\"},\"sameAs\":[\"https:\\\/\\\/entwicklungundkultur.de\"],\"url\":\"https:\\\/\\\/geschwisterbuechner.de\\\/?author=76194\"}]}<\/script>\n<!-- \/ Yoast SEO plugin. -->","yoast_head_json":{"title":"Der sogenannte Fatalismusbrief\u00a0Georg B\u00fcchners und die B\u00fcchnerforschung\u00a0- mehr als ein Jahrhundert Fake-News - Neues aus Buechnerland","robots":{"index":"index","follow":"follow","max-snippet":"max-snippet:-1","max-image-preview":"max-image-preview:large","max-video-preview":"max-video-preview:-1"},"canonical":"https:\/\/geschwisterbuechner.de\/?p=5394","og_locale":"de_DE","og_type":"article","og_title":"Der sogenannte Fatalismusbrief\u00a0Georg B\u00fcchners und die B\u00fcchnerforschung\u00a0- mehr als ein Jahrhundert Fake-News - Neues aus Buechnerland","og_description":"... was hinter dem oft beklagten Hickhack der Textkritiker in der Zeit zwischen 1980 und 2015 steckt","og_url":"https:\/\/geschwisterbuechner.de\/?p=5394","og_site_name":"Neues aus Buechnerland","article_published_time":"2026-09-05T11:07:30+00:00","article_modified_time":"2026-09-05T11:10:05+00:00","og_image":[{"width":2560,"height":1920,"url":"https:\/\/geschwisterbuechner.de\/wp-content\/uploads\/2026\/09\/20190319_Viola_odorata_6-scaled.jpg","type":"image\/jpeg"}],"author":"Peter Brunner","twitter_card":"summary_large_image","twitter_creator":"@s_p_brunner","twitter_site":"@s_p_brunner","twitter_misc":{"Verfasst von":"Peter Brunner","Gesch\u00e4tzte Lesezeit":"5\u00a0Minuten"},"schema":{"@context":"https:\/\/schema.org","@graph":[{"@type":"Article","@id":"https:\/\/geschwisterbuechner.de\/?p=5394#article","isPartOf":{"@id":"https:\/\/geschwisterbuechner.de\/?p=5394"},"author":{"name":"Peter Brunner","@id":"https:\/\/geschwisterbuechner.de\/#\/schema\/person\/005588e82ebe7216360d5959d0ffed11"},"headline":"Der sogenannte Fatalismusbrief\u00a0Georg B\u00fcchners und die B\u00fcchnerforschung\u00a0&#8211; mehr als ein Jahrhundert Fake-News","datePublished":"2026-09-05T11:07:30+00:00","dateModified":"2026-09-05T11:10:05+00:00","mainEntityOfPage":{"@id":"https:\/\/geschwisterbuechner.de\/?p=5394"},"wordCount":760,"commentCount":0,"publisher":{"@id":"https:\/\/geschwisterbuechner.de\/#\/schema\/person\/ec81f262408192ea04c51ee9c89d48d9"},"image":{"@id":"https:\/\/geschwisterbuechner.de\/?p=5394#primaryimage"},"thumbnailUrl":"https:\/\/geschwisterbuechner.de\/wp-content\/uploads\/2026\/09\/20190319_Viola_odorata_6-300x225.jpg","keywords":["Datierung","Fatalismusbrief","Gastbeitrag"],"articleSection":["B\u00fcchner","Gastbeittrag","Georg B\u00fcchner"],"inLanguage":"de","potentialAction":[{"@type":"CommentAction","name":"Comment","target":["https:\/\/geschwisterbuechner.de\/?p=5394#respond"]}]},{"@type":"WebPage","@id":"https:\/\/geschwisterbuechner.de\/?p=5394","url":"https:\/\/geschwisterbuechner.de\/?p=5394","name":"Der sogenannte Fatalismusbrief\u00a0Georg B\u00fcchners und die B\u00fcchnerforschung\u00a0- mehr als ein Jahrhundert Fake-News - Neues aus Buechnerland","isPartOf":{"@id":"https:\/\/geschwisterbuechner.de\/#website"},"primaryImageOfPage":{"@id":"https:\/\/geschwisterbuechner.de\/?p=5394#primaryimage"},"image":{"@id":"https:\/\/geschwisterbuechner.de\/?p=5394#primaryimage"},"thumbnailUrl":"https:\/\/geschwisterbuechner.de\/wp-content\/uploads\/2026\/09\/20190319_Viola_odorata_6-300x225.jpg","datePublished":"2026-09-05T11:07:30+00:00","dateModified":"2026-09-05T11:10:05+00:00","breadcrumb":{"@id":"https:\/\/geschwisterbuechner.de\/?p=5394#breadcrumb"},"inLanguage":"de","potentialAction":[{"@type":"ReadAction","target":["https:\/\/geschwisterbuechner.de\/?p=5394"]}]},{"@type":"ImageObject","inLanguage":"de","@id":"https:\/\/geschwisterbuechner.de\/?p=5394#primaryimage","url":"https:\/\/geschwisterbuechner.de\/wp-content\/uploads\/2026\/09\/20190319_Viola_odorata_6-scaled.jpg","contentUrl":"https:\/\/geschwisterbuechner.de\/wp-content\/uploads\/2026\/09\/20190319_Viola_odorata_6-scaled.jpg","width":2560,"height":1920},{"@type":"BreadcrumbList","@id":"https:\/\/geschwisterbuechner.de\/?p=5394#breadcrumb","itemListElement":[{"@type":"ListItem","position":1,"name":"Startseite","item":"https:\/\/geschwisterbuechner.de\/"},{"@type":"ListItem","position":2,"name":"Der sogenannte Fatalismusbrief\u00a0Georg B\u00fcchners und die B\u00fcchnerforschung\u00a0&#8211; mehr als ein Jahrhundert Fake-News"}]},{"@type":"WebSite","@id":"https:\/\/geschwisterbuechner.de\/#website","url":"https:\/\/geschwisterbuechner.de\/","name":"Neues aus Buechnerland","description":"Peter Brunners Buechnerblog","publisher":{"@id":"https:\/\/geschwisterbuechner.de\/#\/schema\/person\/ec81f262408192ea04c51ee9c89d48d9"},"potentialAction":[{"@type":"SearchAction","target":{"@type":"EntryPoint","urlTemplate":"https:\/\/geschwisterbuechner.de\/?s={search_term_string}"},"query-input":{"@type":"PropertyValueSpecification","valueRequired":true,"valueName":"search_term_string"}}],"inLanguage":"de"},{"@type":["Person","Organization"],"@id":"https:\/\/geschwisterbuechner.de\/#\/schema\/person\/ec81f262408192ea04c51ee9c89d48d9","name":"peter brunner","image":{"@type":"ImageObject","inLanguage":"de","@id":"https:\/\/secure.gravatar.com\/avatar\/b6195224d15188d95b27ef2d5a30de7ec9d4b75805cd922fc20b18ef8165d1e4?s=96&d=mm&r=g","url":"https:\/\/secure.gravatar.com\/avatar\/b6195224d15188d95b27ef2d5a30de7ec9d4b75805cd922fc20b18ef8165d1e4?s=96&d=mm&r=g","contentUrl":"https:\/\/secure.gravatar.com\/avatar\/b6195224d15188d95b27ef2d5a30de7ec9d4b75805cd922fc20b18ef8165d1e4?s=96&d=mm&r=g","caption":"peter brunner"},"logo":{"@id":"https:\/\/secure.gravatar.com\/avatar\/b6195224d15188d95b27ef2d5a30de7ec9d4b75805cd922fc20b18ef8165d1e4?s=96&d=mm&r=g"}},{"@type":"Person","@id":"https:\/\/geschwisterbuechner.de\/#\/schema\/person\/005588e82ebe7216360d5959d0ffed11","name":"Peter Brunner","image":{"@type":"ImageObject","inLanguage":"de","@id":"https:\/\/secure.gravatar.com\/avatar\/bec268cfdc29a606682efefdbab7859cd58345ee6b9822fe6b49a5140b3daff0?s=96&d=mm&r=g","url":"https:\/\/secure.gravatar.com\/avatar\/bec268cfdc29a606682efefdbab7859cd58345ee6b9822fe6b49a5140b3daff0?s=96&d=mm&r=g","contentUrl":"https:\/\/secure.gravatar.com\/avatar\/bec268cfdc29a606682efefdbab7859cd58345ee6b9822fe6b49a5140b3daff0?s=96&d=mm&r=g","caption":"Peter Brunner"},"sameAs":["https:\/\/entwicklungundkultur.de"],"url":"https:\/\/geschwisterbuechner.de\/?author=76194"}]}},"_links":{"self":[{"href":"https:\/\/geschwisterbuechner.de\/index.php?rest_route=\/wp\/v2\/posts\/5394","targetHints":{"allow":["GET"]}}],"collection":[{"href":"https:\/\/geschwisterbuechner.de\/index.php?rest_route=\/wp\/v2\/posts"}],"about":[{"href":"https:\/\/geschwisterbuechner.de\/index.php?rest_route=\/wp\/v2\/types\/post"}],"author":[{"embeddable":true,"href":"https:\/\/geschwisterbuechner.de\/index.php?rest_route=\/wp\/v2\/users\/76194"}],"replies":[{"embeddable":true,"href":"https:\/\/geschwisterbuechner.de\/index.php?rest_route=%2Fwp%2Fv2%2Fcomments&post=5394"}],"version-history":[{"count":4,"href":"https:\/\/geschwisterbuechner.de\/index.php?rest_route=\/wp\/v2\/posts\/5394\/revisions"}],"predecessor-version":[{"id":5399,"href":"https:\/\/geschwisterbuechner.de\/index.php?rest_route=\/wp\/v2\/posts\/5394\/revisions\/5399"}],"wp:attachment":[{"href":"https:\/\/geschwisterbuechner.de\/index.php?rest_route=%2Fwp%2Fv2%2Fmedia&parent=5394"}],"wp:term":[{"taxonomy":"category","embeddable":true,"href":"https:\/\/geschwisterbuechner.de\/index.php?rest_route=%2Fwp%2Fv2%2Fcategories&post=5394"},{"taxonomy":"post_tag","embeddable":true,"href":"https:\/\/geschwisterbuechner.de\/index.php?rest_route=%2Fwp%2Fv2%2Ftags&post=5394"}],"curies":[{"name":"wp","href":"https:\/\/api.w.org\/{rel}","templated":true}]}}