{"id":4978,"date":"2025-05-03T14:20:38","date_gmt":"2025-05-03T12:20:38","guid":{"rendered":"https:\/\/geschwisterbuechner.de\/?p=4978"},"modified":"2026-02-17T15:21:35","modified_gmt":"2026-02-17T13:21:35","slug":"buechners-welt-der-podcast-von-luise-und-peter","status":"publish","type":"post","link":"https:\/\/geschwisterbuechner.de\/?p=4978","title":{"rendered":"B\u00fcchners Welt &#8211; der Podcast von Luise und Peter"},"content":{"rendered":"\n<h2>Die 21 Folgen des Jahres 2025<\/h2>\n\n\n\n<p>Nach der Erstsendung auf RadioDarmstadt &nbsp;werden hier alle Folgen des Podcast zu finden sein &#8211; ganz bequem zum Anh\u00f6ren per Mausklick.&nbsp;<\/p>\n<p>Selbstverst\u00e4ndlich finden Sie die Folgen auch auf allen g\u00e4ngigen Portalen zum Anh\u00f6ren wo\u00b4s beliebt.&nbsp;<\/p>\n\n\n\n<figure class=\"wp-block-image size-large\"><a href=\"https:\/\/geschwisterbuechner.de\/wp-content\/uploads\/2025\/02\/BUeCHNERS-WELT1.png\"><img loading=\"lazy\" decoding=\"async\" width=\"1024\" height=\"1024\" src=\"https:\/\/geschwisterbuechner.de\/wp-content\/uploads\/2025\/02\/BUeCHNERS-WELT1-1024x1024.png\" alt=\"\" class=\"wp-image-4945\" srcset=\"https:\/\/geschwisterbuechner.de\/wp-content\/uploads\/2025\/02\/BUeCHNERS-WELT1-1024x1024.png 1024w, https:\/\/geschwisterbuechner.de\/wp-content\/uploads\/2025\/02\/BUeCHNERS-WELT1-300x300.png 300w, https:\/\/geschwisterbuechner.de\/wp-content\/uploads\/2025\/02\/BUeCHNERS-WELT1-150x150.png 150w, https:\/\/geschwisterbuechner.de\/wp-content\/uploads\/2025\/02\/BUeCHNERS-WELT1-768x768.png 768w, https:\/\/geschwisterbuechner.de\/wp-content\/uploads\/2025\/02\/BUeCHNERS-WELT1-676x676.png 676w, https:\/\/geschwisterbuechner.de\/wp-content\/uploads\/2025\/02\/BUeCHNERS-WELT1.png 1080w\" sizes=\"auto, (max-width: 1024px) 100vw, 1024px\" \/><\/a><\/figure>\n\n\n\n<h2 class=\"western\">Zur Sendung<\/h2>\n<div>\n<div>\n<p>Im Kern der Sendereihe B\u00fcchners Welt steht Georg B\u00fcchner. Um ihn, seine Werke, seine Familie und seine Freundschaften spinnt sich ein Netz von Bez\u00fcgen, Wirkungen, Ereignissen und Forschungen, die schier endlos erscheinen und in diesem Vielklang auch noch lange nicht abschlie\u00dfend beschrieben sind, ja wohl gar nicht abgeschlossen werden k\u00f6nnen.<\/p>\n<\/div>\n<div>\n<p>Luise und Peter Brunner wollen in ihrer Sendung gemeinsam mit den Zuh\u00f6rer:innen in diese Welt eintauchen. Dabei spielen nicht nur B\u00fcchners famili\u00e4re Bande eine zentrale Rolle, sondern auch die Vater-Tochter Beziehung zwischen Peter und Luise.<\/p>\n<\/div>\n<div>\n<p>Peter Brunner besch\u00e4ftigt sich seit Anfang der 2000er Jahre intensiv mit der Familie B\u00fcchner und begann, sich f\u00fcr die Sanierung der Pfungst\u00e4dter Villa B\u00fcchner zu engagieren. Sp\u00e4ter hat er die Familienbiographie \u201eDie B\u00fcchners oder der Versuch, die Welt zu ver\u00e4ndern\u201c mit zwei Ko-Autoren ver\u00f6ffentlicht, Veranstaltungen in Darmstadt zu Georg B\u00fcchners 200. Geburtstag kuratiert, Aufs\u00e4tze und Textbeitr\u00e4ge zum Thema ver\u00f6ffentlicht, zahlreiche Bilder und Texte zusammengetragen und den Stammbaum der Familie zusammengestellt und erweitert. Seit 2017 leitet er das Museum B\u00fcchnerhaus in Georg B\u00fcchners Geburtshaus in Riedstadt-Goddelau und ist Gr\u00fcndungsmitglied des hessischen Literaturrates, der Luise B\u00fcchner-Gesellschaft und von \u201eB\u00fcchnerFindetStatt\u201c.<\/p>\n<\/div>\n<div>\n<p>Peters Tochter Luise ist heute Soziologin und Gewerkschaftssekret\u00e4rin. Seit ihrer fr\u00fchen Kindheit erlebt sie die lebendigen Geschichten, die ihr Vater von den B\u00fcchners erz\u00e4hlt. Zwar ist sie vertraut mit den zahlreichen Figuren und Anekdoten, die sich um die B\u00fcchners ranken, doch es gibt viele lose Enden der Erz\u00e4hlungen und viele ungekl\u00e4rte Kontexte. In dieser Sendung will Luise versuchen, diese nie zu Ende gekn\u00fcpften Netze von Zusammenh\u00e4ngen zu verbinden und die \u00fcberraschenden aktuellen Bez\u00fcge zu hinterfragen. Peter stellt sich diesem Versuch, in jeder Folge im Gespr\u00e4ch mit seiner Tochter einer offenen Frage nachzugehen \u2013 von den politischen und historischen Hintergr\u00fcnden \u00fcber die literarischen und wissenschaftlichen Aufs\u00e4tze bis zu den Familienmitgliedern in der Welt der B\u00fcchners.<\/p>\n<\/div>\n<\/div>\n\n\n\n<figure class=\"wp-block-audio\"><audio controls src=\"https:\/\/geschwisterbuechner.de\/wp-content\/uploads\/2025\/05\/Buechners_Welt_Jingle_mit_Text.mp3\"><\/audio><figcaption class=\"wp-element-caption\">Das Jingle zum Podcast: die B\u00fcchnerband mit &#8222;Friede den H\u00fctten, Krieg den Pal\u00e4sten&#8220; <\/figcaption><\/figure>\n\n\n\n<p>&nbsp;<\/p>\n<p>&nbsp;<\/p>\n\n\n\n<figure class=\"wp-block-audio\"><audio controls src=\"https:\/\/geschwisterbuechner.de\/wp-content\/uploads\/2025\/05\/Buechners_Welt_0_RadioDarmstadt.mp3\"><\/audio><figcaption class=\"wp-element-caption\">Der &#8222;Teaser&#8220; zum Podcast- kleine Einf\u00fchrung in knapp drei Minuten als Verf\u00fchrung zum zuh\u00f6ren<\/figcaption><\/figure>\n\n\n\n\n\n<h2>I: Einleitung<\/h2>\n<p>F\u00fcr Peter hat es nicht mit Georg begonnen, sondern mit dessen Bruder Wilhelm und einer alten Villa. Er stolperte \u00fcber die Geschichte der B\u00fcchners \u2013 und kann nicht mehr loslassen. Jahre sp\u00e4ter sitzt er mit seiner Tochter Luise im Studio und erz\u00e4hlt, wie aus Neugier eine Obsession wurde. Wer waren die B\u00fcchners und warum lohnt es sich, \u00fcber sie zu sprechen? War Georg B\u00fcchner ein Genie? Und die wichtigste Frage: Wurde Luise wirklich nicht nach Luise B\u00fcchner benannt?<\/p>\n<div>\n<div>\n<p>&nbsp;<\/p>\n<p>&nbsp;<\/p>\n<\/div>\n<\/div>\n\n\n\n<figure class=\"wp-block-audio\"><audio controls src=\"https:\/\/geschwisterbuechner.de\/wp-content\/uploads\/2025\/05\/Buechners_Welt_1_Radio_Darmstadt.mp3\"><\/audio><\/figure>\n\n\n\n\n\n\n\n<h1 class=\"page-title\">II: Historischer Kontext: <br \/>Das lange 19. Jahrhundert<\/h1>\n<p class=\"page-title\"><br \/>Damit wir uns in B\u00fcchners Welt st\u00fcrzen k\u00f6nnen, sollten wir zun\u00e4chst \u00fcber den historischen und gesellschaftlichen Kontext sprechen: Der Historiker Eric Hobsbawm pr\u00e4gte den Begriff des Langen 19. Jahrhunderts von 1789 (Franz\u00f6sische Revolution) bis 1914 (Erster Weltkrieg). Welche politischen Verh\u00e4ltnisse pr\u00e4gten die B\u00fcchners zu der Zeit? In welcher Welt leben sie? Und warum ist dieses Wissen oft so schwer zu verstehen und wie und wo k\u00f6nnte das besser gelingen?<\/p>\n\n\n\n\n\n<figure class=\"wp-block-audio\"><audio controls src=\"https:\/\/geschwisterbuechner.de\/wp-content\/uploads\/2025\/05\/Buechners_Welt_2_RadioDarmstadt.mp3\"><\/audio><\/figure>\n\n\n\n<h2>III: Der junge Georg<\/h2>\n<p><br \/><br \/>Nachdem wir in Folge 2 \u00fcber die Jahre vor Georgs Geburt gesprochen haben, besch\u00e4ftigen wir uns hier mit den ersten Jahren seines Lebens. Georg wurde 1813 als erstes Kind des Arztes Karl Ernst B\u00fcchner und Louise Caroline B\u00fcchner, geborene Reu\u00df, geboren. Nach mehreren Wohnungswechseln kommt die Familie in ihrem Haus in Darmstadt an. War die Familie wirklich zu 9. oder gab es noch mehr Personen, die mit ihnen zusammen gelebt haben? Was wissen wir \u00fcber Georgs Schulzeit und \u00fcber seine fr\u00fche Politisierung? Und warum h\u00e4lt er am Gymnasium eine Rede \u00fcber einen alten R\u00f6mer?<\/p>\n\n\n\n\n\n<figure class=\"wp-block-audio\"><audio controls src=\"https:\/\/geschwisterbuechner.de\/wp-content\/uploads\/2025\/05\/Buechners_Welt_3_RadioDarmstadt_Korrigiert.mp3\"><\/audio><\/figure>\n\n\n\n<h1><span style=\"color: #000000; font-size: 24pt;\"><span style=\"font-family: Helvetica, serif;\">IV: Georg in Stra\u00dfburg<\/span><\/span><\/h1>\n<p><span style=\"color: #000000;\"><span style=\"font-family: Helvetica, serif;\"><span style=\"font-size: medium;\">Nach Georgs Abitur soll er als der Erstgeborene in seiner Familie und als Sohn eines Arztes selbst auch Medizin studieren. Er darf ins Ausland gehen und beginnt in Stra\u00dfburg sein Studium. Er ist \u00fcberw\u00e4ltigt von der Gro\u00dfstadt, der Offenheit der politischen Debatte, der Pr\u00e4senz der \u201eGewitterstimmung&#8220; seit der Revolution und wird zum \u00fcberzeugten Republikaner. Georg liest, schreibt, studiert, wandert &#8211; und verliebt sich. Wir sprechen in dieser Folge aber auch dar\u00fcber, woher wir die ganzen Informationen \u00fcber die B\u00fcchners eigentlich haben. Und was ist eigentlich eine Botanisiertrommel?&nbsp;<br \/><br \/><\/span><\/span><\/span><\/p>\n\n\n\n\n\n<figure class=\"wp-block-audio\"><audio controls src=\"https:\/\/geschwisterbuechner.de\/wp-content\/uploads\/2025\/05\/Buechners_Welt_4_RadioDarmstadt.mp3\"><\/audio><\/figure>\n\n\n\n<p><strong><span style=\"font-size: 24pt;\">V: Ein Bild von Georg <\/span><\/strong><\/p>\n<p>Georg verl\u00e4sst das gro\u00dfe Stra\u00dfburg und f\u00fchlt sich nach Gie\u00dfen verbannt. Aber bevor er dorthin aufbricht, wandert er durch den Odenwald, \u00fcber den Frankenstein, Zwingenberg und den Melibokus. Auf dieser Wanderung entstehen zwei kleine Zeichnungen von Georg, die sein Freund Alexis Muston anfertigt. Das bringt uns zu den Fragen, welche Bilder es von den B\u00fcchners gibt &#8211; und welche nicht. Gibt es echte Portraits und woher wissen wir \u00fcberhaupt, welche authentisch sind?<\/p>\n<p>Wir sprechen \u00fcber die Malaria im hessischen Ried, Einsamkeit in der Provinz und \u00fcber das Motto, das Georgs Leben pr\u00e4gte. Und war Georg eigentlich ein lebenslustiger Mensch?<\/p>\n\n\n\n<figure class=\"wp-block-audio\"><audio controls src=\"https:\/\/geschwisterbuechner.de\/wp-content\/uploads\/2025\/05\/Buechners_Welt_5_RadioDarmstadt.mp3\"><\/audio><\/figure>\n\n\n\n\n\n<h2>VI: Gie\u00dfen, 1834:<\/h2>\n<p>Georg ist neu in der Stadt und niedergeschlagen &#8211; aber nicht tatenlos. Er schreibt wohl seinen bekanntesten Brief, der heute Fatalismusbrief genannt wird. Er trifft auf politische Netzwerke, schlie\u00dft Freundschaften, eckt aber auch an &#8211; nicht zuletzt bei Burschenschaftern, die ihm eine \u201eKatzenmusik&#8220; bringen.<\/p>\n<p>Wir kl\u00e4ren, was das eigentlich ist und widmen uns der Frage, was Georg motivierte, politisch aktiv zu werden.<\/p>\n<p>&nbsp;<\/p>\n<p>&nbsp;<\/p>\n\n\n\n<figure class=\"wp-block-audio\"><audio controls src=\"https:\/\/geschwisterbuechner.de\/wp-content\/uploads\/2025\/05\/Buechners_Welt_6_RadioDarmstadt.mp3\"><\/audio><\/figure>\n\n\n\n\n\n<p>&nbsp;<\/p>\n<h1 class=\"page-title\">VII: 500 Jahre Demokratie?<\/h1>\n<p class=\"page-title\"><br \/>Wir machen einen Zeitsprung ins Jahr 1525. Richtig, fast 300 Jahre vor Georg B\u00fcchners Geburt: Zu Thomas M\u00fcntzer, den Bauernkriegen und der blutigen Schlacht und Niederlage der Bauern bei Frankenhausen. Aber was hat das mit den B\u00fcchners zu tun? Gibt es eine Linie von den aufst\u00e4ndischen Bauern zu den Adressaten des Hessischen Landboten? Luise ist skeptisch aber Peter meint: Ja. Wir diskutieren, ob 1525 demokratische Hoffnungen begraben wurden \u2013 oder ob sie gerade erst Wurzeln schlugen.<\/p>\n\n\n\n\n\n<figure class=\"wp-block-audio\"><audio controls src=\"https:\/\/geschwisterbuechner.de\/wp-content\/uploads\/2025\/05\/Buechners_Welt_Folge_7_RadioDarmstadt.mp3\"><\/audio><\/figure>\n\n\n\n<h2>VIII: Der Hessische Landbote &#8211; <br \/>&nbsp; &nbsp; &nbsp; &nbsp; &nbsp; &nbsp;Krieg den Pal\u00e4sten?&nbsp;<br \/><br \/><\/h2>\n<p>In der Schule haben viele von uns den Hessischen Landboten gelesen, besonders bekannt ist die Parole \u201eFriede den H\u00fctten! Krieg den Pal\u00e4sten!&#8220; In dieser Folge geht es aber auch um Konspiration und die politische Verfolgung, die zur Entstehungsgeschichte des Flugblatts geh\u00f6ren.<\/p>\n<p>Anhand des Drucksatzes lassen sich ganze Kriminalgeschichten erz\u00e4hlen.<\/p>\n<p>Und neben all der Verschw\u00f6rung sprechen Luise und Peter auch dar\u00fcber, ob es heute wohl einen neuen Hessischen Landboten br\u00e4uchte.<\/p>\n\n\n\n\n\n<figure class=\"wp-block-audio\"><audio controls src=\"https:\/\/geschwisterbuechner.de\/wp-content\/uploads\/2025\/05\/Buechners_Welt_Folge_8_RadioDarmstadt.mp3\"><\/audio><\/figure>\n\n\n\n<h2>IX: Woyzeck? Wozzeck!&nbsp;<\/h2>\n<p><br \/>Das Staatstheater Darmstadt zeigt Alban Bergs Oper Wozzeck. Die Musik: \u00fcberw\u00e4ltigend. Die S\u00e4nger*innen, allen voran Oliver Zwarg in der Hauptrolle: eindrucksvoll. <br \/><br \/>Aber warum steht die Figur Woyzeck &#8211; ganz im Widerspruch zu ihrer sozialen Randexistenz &#8211; alleine auf einer riesigen, wei\u00dfen, beweglichen B\u00fchne? <br \/><br \/>Und ja: Woyzeck begeht einen Femizid &#8211; scheu\u00dflich und unverzeihlich. Das Programmheft verurteilt die Tat. B\u00fcchner hingegen stellt eine andere Frage: Warum? <br \/><br \/>Wir diskutieren &#8211; und empfehlen: hingehen, selbst urteilen!<\/p>\n\n\n\n<figure class=\"wp-block-audio\"><audio controls src=\"https:\/\/geschwisterbuechner.de\/wp-content\/uploads\/2025\/05\/Buechners_Welt_Folge_10_RadioDarmstadt.mp3\"><\/audio><\/figure>\n\n\n\n<h2 class=\"wp-block-heading\">X: Wer die Wahrheit spricht, wird gehenkt<\/h2>\n\n\n\n<p>&nbsp;<\/p>\n<p>Seit 1820 garantiert die hessische Verfassung Meinungs- und Pressefreiheit. Wovor hatten die Landbotenverschw\u00f6rer trotzdem solche Angst? Wir begeben uns auf die Spur der Demagogenverfolgung, des Tyrannenmordes und der Karlsbader Beschl\u00fcsse. Und stellen fest: Die B\u00fcrokratisierung von politischer Verfolgung hat eine lange Geschichte.<\/p>\n\n\n\n<div class=\"wp-block-columns is-layout-flex wp-container-core-columns-is-layout-9d6595d7 wp-block-columns-is-layout-flex\">\n<div class=\"wp-block-column is-layout-flow wp-block-column-is-layout-flow\" style=\"flex-basis:100%\"><\/div>\n<\/div>\n\n\n\n<figure class=\"wp-block-audio\"><audio controls src=\"https:\/\/geschwisterbuechner.de\/wp-content\/uploads\/2025\/05\/Buechners_Welt_Folge_10_RadioDarmstadt-1.mp3\"><\/audio><\/figure>\n\n\n\n\n\n<h2>XI.: Dantons Tod I<\/h2>\n<p>Die Landbotenverschw\u00f6rung ist aufgeflogen, B\u00fcchner f\u00fcrchtet Verfolgung und Haft. Selbstbewusst wie er ist, vertraut er auf sein K\u00f6nnen: Um seine geplante Flucht ins Exil zu finanzieren, entscheidet der gerade 19 J\u00e4hrige, ein Theaterst\u00fcck zu schreiben und zu verkaufen. Bevor wir uns in der n\u00e4chsten Folge mit dem Inhalt und den Figuren des Textes ausf\u00fchrlicher besch\u00e4ftigen, sprechen wir dieses Mal dar\u00fcber, wie das St\u00fcck Dantons Tod entstand.<\/p>\n\n\n\n\n\n<figure class=\"wp-block-audio\"><audio controls src=\"https:\/\/geschwisterbuechner.de\/wp-content\/uploads\/2025\/05\/Buechners_Welt_Folge_11.mp3\"><\/audio><\/figure>\n\n\n\n<h2>Xll: Unter allen Umst\u00e4nden frei<\/h2>\n<p>&nbsp;<\/p>\n<p>B\u00fcchners Welt kennt keine Grenzen: Wir bekommen Besuch von der diesj\u00e4hrigen Tr\u00e4gerin des Luise-B\u00fcchner-Preises f\u00fcr Publizistik. Dr.<br \/>Antje Schrupp ist eine profunde Kennerin feministischer politischer Ideengeschichte und wir sprechen mit ihr \u00fcber ihr neuestes Buch \u201eUnter allen Umst\u00e4nden frei&#8220;. Zwischen den B\u00fcchner-Geschwistern Luise und Georg will sie sich nicht entscheiden, wir finden aber, es wird deutlich, ob sie dem radikalen Georg oder der besonnenen&nbsp;Luise n\u00e4her steht.&nbsp;<\/p>\n\n\n\n<figure class=\"wp-block-audio\"><audio controls src=\"https:\/\/geschwisterbuechner.de\/wp-content\/uploads\/2025\/05\/Buechners_Welt_Folge_12_RadioDarmstadt.mp3\"><\/audio><\/figure>\n\n\n\n\n\n<p>&nbsp;<\/p>\n<p>&nbsp;<\/p>\n<h1 class=\"western\">XIII: Exil in Stra\u00dfburg | B\u00fcchners Welt<\/h1>\n<p><br \/><br \/>Als Repression und Verfolgung f\u00fcr ihn und seine Freunde immer bedrohlicher werden, entscheidet sich Georg B\u00fcchner zur Flucht \u00fcber Wei\u00dfenburg nach Stra\u00dfburg. Eigentlich wollten wir in dieser Folge die Zeit bis zu seinem fr\u00fchen Tod zusammenfassen, doch wir brauchen Zeit f\u00fcr die wunderbare Briefen, die er aus dem Exil schreibt. Au\u00dferdem berichtet Papa in dieser Folge, wie ihn zwei k\u00fcnstliche Intelligenzen vor lauter Auskunftseifer frech belogen haben: Lebte Georg B\u00fcchner zu Beginn des Exils eigentlich unter Pseudonym?<\/p>\n\n\n\n<figure class=\"wp-block-audio\"><audio controls src=\"https:\/\/geschwisterbuechner.de\/wp-content\/uploads\/2025\/05\/Buechners_Welt_Folge_13_RadioDarmstadt.mp3\"><\/audio><\/figure>\n\n\n\n\n\n<p>&nbsp;<\/p>\n<h1 class=\"western\">Folge XIV: Dantons Tod 2<\/h1>\n<p>Aus der \u201eLekt\u00fcreliste aus der H\u00f6lle\u201c: Ein St\u00fcck \u00fcber maulende M\u00e4nner? Nachdem wir in Teil I die Entstehungsgeschichte besprochen haben, blicken wir nun auf Handlung und Figuren. Sind die Vorbehalte gerechtfertigt? Litt Danton an postrevolution\u00e4rer Depression? Wir lesen nach \u2013 und glauben nicht, dass B\u00fcchner uns das Revolution-Machen ausreden will. Aber vielleicht w\u00e4ren manche Revolutionen mit seinen Warnungen anders verlaufen?<\/p>\n\n\n\n<figure class=\"wp-block-audio\"><audio controls src=\"https:\/\/geschwisterbuechner.de\/wp-content\/uploads\/2025\/05\/Buechners_Welt_Folge_14_RadioDarmstadt.mp3\"><\/audio><\/figure>\n\n\n\n\n\n<h2>XV: Lenz im Staatstheater Darmstadt&nbsp;<\/h2>\n<p><br \/>Das Darmst\u00e4dter Staatstheater bringt den Lenz &#8211; der ja eigentlich gar kein Drama, sondern ein kurzer Prosatext ist. Luise steht dem offen gegen\u00fcber und f\u00fcrchtet, dass Peter jede Inszenierung nur als Ablenkung vom Text empfindet.<\/p>\n<p>Das will der aber nicht gelten lassen: \u201eB\u00fcchner h\u00e4lt das aus&#8220;.<\/p>\n<p>Wir sprechen \u00fcber die Inszenierung und Sensibilit\u00e4t gegen\u00fcber psychischen Erkrankungen. Und wie passt das St\u00fcck zu Paul Preciados Dysphoria Mundi, dem Unwohlsein einer Welt im Umbruch?<\/p>\n\n\n\n\n\n<figure class=\"wp-block-audio\"><audio controls src=\"https:\/\/geschwisterbuechner.de\/wp-content\/uploads\/2025\/05\/Buechners_Welt_Folge_15_RadioDarmstadt.mp3\"><\/audio><\/figure>\n\n\n\n\n\n\n\n<p>&nbsp;<\/p>\n<h2>Folge XVI: &nbsp;&#8222;Wir sind Tod, Staub, Asche&#8220;<\/h2>\n<p>1836: Georgs Exil scheint ertr\u00e4glicher zu werden. Er bekommt eine Aufenthaltsgenehmigung, Mutter und Schwester kommen zu Besuch und mit seiner neuroanatomischen Forschung geht es voran. Er schreibt wie besessen &#8211; der Lenz, Leonce und Lena und der Woyzeck entstehen, er wird tats\u00e4chlich in Z\u00fcrich zum Dr. promoviert und plant ein neues Leben in der Schweiz. Wir beantworten in dieser Folge endlich, woran Georg eigentlich gestorben ist, sind wie immer ger\u00fchrt von dem Ende seiner bewegenden Biographie und \u00fcberlegen: War das alles zusammen einfach zu schnell und zu viel? Und was ist von seinen letzten Worten zu halten?<\/p>\n\n\n\n\n\n<figure class=\"wp-block-audio\"><audio controls src=\"https:\/\/geschwisterbuechner.de\/wp-content\/uploads\/2025\/05\/Buechners_Welt_Folge_16_RadioDarmstadt.mp3\"><\/audio><\/figure>\n\n\n\n<h2>Folge XVII: &nbsp;<b>Mathilde B\u00fcchner und die Lage der Frauen im 19. Jahrhundert &nbsp;mit Agnes Schmidt &nbsp;<\/b><\/h2>\n<p><b><br \/><\/b>Georg B\u00fcchners \u00e4lteste Schwester Mathilde umweht stets die Aura der Unbekannten. Umgeben von ihren weit \u00fcber Darmstadt hinaus prominenten Geschwistern scheint unbedeutend, was wir von ihrem Leben wissen. Wir k\u00f6nnen das zurechtr\u00fccken und ein sehr wohl bemerkenswertes Frauenleben schildern: als \u201eFels in der Brandung\u201c bildet sie den ruhenden Pol im Trubel der umtriebigen Geschwister und als selbstbewusste B\u00fcrgerin engagiert sie sich \u00f6ffentlich. Wir haben eine hervorragende Kennerin der Lage der Frauen zu Gast: unsere Freundin Agnes Schmidt. Sie erl\u00e4utert uns, welche Rolle Frauen im Biedermeier zugeschrieben wurden und wie sich einige von Ihnen davon befreiten.&nbsp;<\/p>\n<p><br style=\"font-weight: 400;\"\/><br style=\"font-weight: 400;\"\/><\/p>\n\n\n\n<figure class=\"wp-block-audio\"><audio controls src=\"https:\/\/geschwisterbuechner.de\/wp-content\/uploads\/2025\/05\/Buechners_Welt_Folge_18_RadioDarmstadt-1.mp3\"><\/audio><\/figure>\n\n\n\n<h2>Folge XVIII: Wilhelm B\u00fcchner (1)<\/h2>\n<p>&nbsp;<\/p>\n<p>Georgs \u00e4lterer Bruder Wilhelm fliegt erst aus der Schule, dann von der Uni, entkommt dem Typhus nur knapp &#8211; und steht doch am Ende auf eigenen Beinen. Wir fragen, wie es bei den B\u00fcchners zuhause zuging und warum der Vater den vermeintlichen \u201edummen Bub&#8220; nicht fallen lie\u00df. Als Georg ins Exil flieht, nimmt Wilhelm ausgerechnet in Butzbach eine Stelle an<\/p>\n<p>&#8211; kein Zufall, wie wir glauben. Er steht den Landbotenverschw\u00f6rern nahe, verschiebt das Aufstandmachen und gr\u00fcndet in Darmstadt einen kleinen Chemiebetrieb. Dort entdeckt er etwas, das ihn reich und ber\u00fchmt macht: die blaue Farbe.<\/p>\n<p>&nbsp;<\/p>\n<audio class=\"wp-audio-shortcode\" id=\"audio-4978-1\" preload=\"none\" style=\"width: 100%;\" controls=\"controls\"><source type=\"audio\/mpeg\" src=\"https:\/\/geschwisterbuechner.de\/wp-content\/uploads\/2025\/05\/Buechners_Welt_Folge_18_RadioDarmstadt-2.mp3?_=1\" \/><a href=\"https:\/\/geschwisterbuechner.de\/wp-content\/uploads\/2025\/05\/Buechners_Welt_Folge_18_RadioDarmstadt-2.mp3\">https:\/\/geschwisterbuechner.de\/wp-content\/uploads\/2025\/05\/Buechners_Welt_Folge_18_RadioDarmstadt-2.mp3<\/a><\/audio>\n\n\n\n<h2>Folge XIX: Gegen den Indifferentismus!<\/h2>\n<p>&nbsp;<\/p>\n<p>Am Sonntag, 23.11.25, &nbsp;verlieh die Luise B\u00fcchner-Gesellschaft ihren Preis f\u00fcr Publizistik an unsere Freundin Antje Schrupp. Wir senden ausf\u00fchrliche Ausz\u00fcge aus Gru\u00dfworten und Laudatio sowie Antjes Dankesrede im Wortlaut. Erneut wurde eine Frau ausgezeichnet, die zu Recht in der Nachfolge Luise B\u00fcchners beschrieben wird: es verbindet Antje mit ihr \u201edie Offenheit gegen\u00fcber Ver\u00e4nderungen, die Bereitschaft, \u00dcberkommenes in Frage zu stellen und Neues zu versuchen&#8220;. Indifferent zu sein, so warnte Luise B\u00fcchner, sei berechtigterweise schon von Dante unter die Tods\u00fcnden gestellt worden.<\/p>\n\n\n\n<audio class=\"wp-audio-shortcode\" id=\"audio-4978-2\" preload=\"none\" style=\"width: 100%;\" controls=\"controls\"><source type=\"audio\/mpeg\" src=\"https:\/\/geschwisterbuechner.de\/wp-content\/uploads\/2025\/05\/Buechners_Welt_Folge_19_RadioDarmstadt.mp3?_=2\" \/><a href=\"https:\/\/geschwisterbuechner.de\/wp-content\/uploads\/2025\/05\/Buechners_Welt_Folge_19_RadioDarmstadt.mp3\">https:\/\/geschwisterbuechner.de\/wp-content\/uploads\/2025\/05\/Buechners_Welt_Folge_19_RadioDarmstadt.mp3<\/a><\/audio>\n\n\n\n<h1 class=\"western\">Folge XX: Live im Literaturhaus Darmstadt: \u201eIhr werdet \u00fcberrascht sein, wenn ihr mich besucht \u2026\u201c | B\u00fcchners Welt<\/h1>\n<p class=\"western\">So schrieb Georg B\u00fcchner im November 1836 an seine Familie. Wenige Monate sp\u00e4ter war er tot, erst 39 Jahre danach reisten seine Geschwister gemeinsam nach Z\u00fcrich. Weil sein Grab aufgel\u00f6st wurde, fand er eine neue prominente Ruhest\u00e4tte unter einem neu gestalteten Stein. Doch was geschah mit dem urspr\u00fcnglichen Grabstein?<\/p>\n<p>Bei unserem ersten Auftritt im Darmst\u00e4dter Literaturhaus richten wir den Blick auf Wilhelm, Luise und Ludwig, die inzwischen selbst zu pr\u00e4genden Pers\u00f6nlichkeiten geworden waren. Was bedeutete ihnen der fr\u00fch verstorbene Bruder, und wo lebt sein Erbe in ihren eigenen Lebenswegen weiter?<\/p>\n\n\n\n<audio class=\"wp-audio-shortcode\" id=\"audio-4978-3\" preload=\"none\" style=\"width: 100%;\" controls=\"controls\"><source type=\"audio\/mpeg\" src=\"https:\/\/geschwisterbuechner.de\/wp-content\/uploads\/2025\/05\/Buechners_Welt_Folge_20_RadioDarmstadt.mp3?_=3\" \/><a href=\"https:\/\/geschwisterbuechner.de\/wp-content\/uploads\/2025\/05\/Buechners_Welt_Folge_20_RadioDarmstadt.mp3\">https:\/\/geschwisterbuechner.de\/wp-content\/uploads\/2025\/05\/Buechners_Welt_Folge_20_RadioDarmstadt.mp3<\/a><\/audio>\n<p>und, wie dort versprochen, hier die Bilder der Pr\u00e4sentation:&nbsp;<br \/><br \/><a href=\"https:\/\/geschwisterbuechner.de\/wp-content\/uploads\/2025\/05\/251205_Livepodcast_PP.pdf\">Die Bilder vom Livepodcast <\/a><\/p>\n\n\n\n<h2 class=\"p1\">Folge XXI: Staffelfinale: Wir blicken voraus und zur\u00fcck<\/h2>\n<p class=\"p1\">Zwanzig Folgen lang haben wir erz\u00e4hlt, gestaunt, gelacht, zitiert, spekuliert, mit G\u00e4sten oder zu zweit \u00fcber alles, was B\u00fcchners Welt ausmacht. Vom Werk selbst haben wir gerade einmal \u201eDanton&#8220; und den \u201eLandboten&#8220; geschafft. \u00dcber \u201eLenz&#8220; und \u201eWoyzeck&#8220; gibt es noch viel zu sagen; \u201eLeonce und Lena&#8220; wird uns und euch zum Lachen bringen. Dann warten noch Naturwissenschaft, Philosophie und immer wieder Politik. Auch die Familie ist l\u00e4ngst nicht auserz\u00e4hlt: Mathilde hat ihre Folge bekommen, Wilhelm gerade erst begonnen. Und dann: drei weitere Geschwister, dazu Freunde, Genoss*innen und all jene, die B\u00fcchners Gedanken weitergetragen haben. Eins ist sicher: Wir haben noch viel vor!<\/p>\n\n\n\n<audio class=\"wp-audio-shortcode\" id=\"audio-4978-4\" preload=\"none\" style=\"width: 100%;\" controls=\"controls\"><source type=\"audio\/mpeg\" src=\"https:\/\/geschwisterbuechner.de\/wp-content\/uploads\/2025\/05\/Buechners_Welt_Folge_21_RadioDarmstadt.mp3?_=4\" \/><a href=\"https:\/\/geschwisterbuechner.de\/wp-content\/uploads\/2025\/05\/Buechners_Welt_Folge_21_RadioDarmstadt.mp3\">https:\/\/geschwisterbuechner.de\/wp-content\/uploads\/2025\/05\/Buechners_Welt_Folge_21_RadioDarmstadt.mp3<\/a><\/audio>\n\n\n\n<p>\u00a0<\/p>\n<h2>Die neuen Folgen:\u00a0<\/h2>\n<p>Hier endet diese Form der Ver\u00f6ffentlichung unseres podcast. In Zukunft werde ich i<a href=\"https:\/\/geschwisterbuechner.de\/?p=5219\">m Blog die jeweils neueste Folge<\/a> ank\u00fcndigen und dazu den link zu<\/p>\n<p>\u00a0<\/p>\n<h2><a href=\"https:\/\/podcast.radiodarmstadt.de\/show\/buechners-welt\/\" target=\"_blank\" rel=\"noopener\">RadioDarmstadt,<\/a><\/h2>\n<p>\u00a0<\/p>\n<p>wo alle Folgen verf\u00fcgbar sind. Wie bisher finden sie sich ausserdem\u00a0<\/p>\n<h2><a href=\"https:\/\/www.youtube.com\/watch?v=h_QEU5ytcUI&amp;list=PLKCjM9TNXI70loAoKN1AZWugnz_J1UgBB\" target=\"_blank\" rel=\"noopener\">Bei youtube<\/a><\/h2>\n<h2><a href=\"https:\/\/podcasts.apple.com\/de\/podcast\/b%C3%BCchners-welt-radio-darmstadt\/id1799905464\" target=\"_blank\" rel=\"noopener\">Bei apple podcasts\u00a0<\/a><\/h2>\n<h2><a href=\"https:\/\/open.spotify.com\/show\/56UV1NfCaQlF4sdX5RmQC8\" target=\"_blank\" rel=\"noopener\">bei spotify<\/a><\/h2>\n<h2>\u00a0<\/h2>\n<p>\u00a0<\/p>\n","protected":false},"excerpt":{"rendered":"<p>Die 21 Folgen des Jahres 2025 Nach der Erstsendung auf RadioDarmstadt &nbsp;werden hier alle Folgen des Podcast zu finden sein &#8211; ganz bequem zum Anh\u00f6ren per Mausklick.&nbsp; Selbstverst\u00e4ndlich finden Sie die Folgen auch auf allen g\u00e4ngigen Portalen zum Anh\u00f6ren wo\u00b4s beliebt.&nbsp; Zur Sendung Im Kern der Sendereihe B\u00fcchners Welt steht Georg B\u00fcchner. Um ihn, seine [&hellip;]<\/p>\n","protected":false},"author":61961,"featured_media":0,"comment_status":"open","ping_status":"open","sticky":false,"template":"","format":"standard","meta":{"footnotes":""},"categories":[22,18,14,9,461],"tags":[462,469,265],"class_list":["post-4978","post","type-post","status-publish","format-standard","hentry","category-buchner-jubilaen","category-georg-buchner","category-geschichte","category-in-eigener-sache","category-podcast","tag-buechners-welt","tag-luise-und-peter-brunner","tag-podcast","post-preview"],"yoast_head":"<!-- This site is optimized with the Yoast SEO plugin v27.5 - https:\/\/yoast.com\/product\/yoast-seo-wordpress\/ -->\n<title>B\u00fcchners Welt - der Podcast von Luise und Peter - Neues aus Buechnerland<\/title>\n<meta name=\"robots\" content=\"index, follow, max-snippet:-1, max-image-preview:large, max-video-preview:-1\" \/>\n<link rel=\"canonical\" href=\"https:\/\/geschwisterbuechner.de\/?p=4978\" \/>\n<meta property=\"og:locale\" content=\"de_DE\" \/>\n<meta property=\"og:type\" content=\"article\" \/>\n<meta property=\"og:title\" content=\"B\u00fcchners Welt - der Podcast von Luise und Peter - Neues aus Buechnerland\" \/>\n<meta property=\"og:description\" content=\"Die 21 Folgen des Jahres 2025 Nach der Erstsendung auf RadioDarmstadt &nbsp;werden hier alle Folgen des Podcast zu finden sein &#8211; ganz bequem zum Anh\u00f6ren per Mausklick.&nbsp; Selbstverst\u00e4ndlich finden Sie die Folgen auch auf allen g\u00e4ngigen Portalen zum Anh\u00f6ren wo\u00b4s beliebt.&nbsp; Zur Sendung Im Kern der Sendereihe B\u00fcchners Welt steht Georg B\u00fcchner. Um ihn, seine [&hellip;]\" \/>\n<meta property=\"og:url\" content=\"https:\/\/geschwisterbuechner.de\/?p=4978\" \/>\n<meta property=\"og:site_name\" content=\"Neues aus Buechnerland\" \/>\n<meta property=\"article:published_time\" content=\"2025-05-03T12:20:38+00:00\" \/>\n<meta property=\"article:modified_time\" content=\"2026-02-17T13:21:35+00:00\" \/>\n<meta property=\"og:image\" content=\"https:\/\/geschwisterbuechner.de\/wp-content\/uploads\/2025\/02\/BUeCHNERS-WELT1.png\" \/>\n\t<meta property=\"og:image:width\" content=\"1080\" \/>\n\t<meta property=\"og:image:height\" content=\"1080\" \/>\n\t<meta property=\"og:image:type\" content=\"image\/png\" \/>\n<meta name=\"author\" content=\"p b\" \/>\n<meta name=\"twitter:card\" content=\"summary_large_image\" \/>\n<meta name=\"twitter:creator\" content=\"@s_p_brunner\" \/>\n<meta name=\"twitter:site\" content=\"@s_p_brunner\" \/>\n<meta name=\"twitter:label1\" content=\"Verfasst von\" \/>\n\t<meta name=\"twitter:data1\" content=\"p b\" \/>\n\t<meta name=\"twitter:label2\" content=\"Gesch\u00e4tzte Lesezeit\" \/>\n\t<meta name=\"twitter:data2\" content=\"13\u00a0Minuten\" \/>\n<script type=\"application\/ld+json\" class=\"yoast-schema-graph\">{\"@context\":\"https:\\\/\\\/schema.org\",\"@graph\":[{\"@type\":\"Article\",\"@id\":\"https:\\\/\\\/geschwisterbuechner.de\\\/?p=4978#article\",\"isPartOf\":{\"@id\":\"https:\\\/\\\/geschwisterbuechner.de\\\/?p=4978\"},\"author\":{\"name\":\"p b\",\"@id\":\"https:\\\/\\\/geschwisterbuechner.de\\\/#\\\/schema\\\/person\\\/7c4636b33143541e20e029a5cdc9da9c\"},\"headline\":\"B\u00fcchners Welt &#8211; der Podcast von Luise und Peter\",\"datePublished\":\"2025-05-03T12:20:38+00:00\",\"dateModified\":\"2026-02-17T13:21:35+00:00\",\"mainEntityOfPage\":{\"@id\":\"https:\\\/\\\/geschwisterbuechner.de\\\/?p=4978\"},\"wordCount\":2482,\"commentCount\":2,\"publisher\":{\"@id\":\"https:\\\/\\\/geschwisterbuechner.de\\\/#\\\/schema\\\/person\\\/ec81f262408192ea04c51ee9c89d48d9\"},\"image\":{\"@id\":\"https:\\\/\\\/geschwisterbuechner.de\\\/?p=4978#primaryimage\"},\"thumbnailUrl\":\"https:\\\/\\\/geschwisterbuechner.de\\\/wp-content\\\/uploads\\\/2025\\\/02\\\/BUeCHNERS-WELT1-1024x1024.png\",\"keywords\":[\"B\u00fcchners Welt\",\"Luise und Peter Brunner\",\"podcast\"],\"articleSection\":[\"B\u00fcchner\",\"Georg B\u00fcchner\",\"Geschichte\",\"in eigener Sache\",\"Podcast\"],\"inLanguage\":\"de\",\"potentialAction\":[{\"@type\":\"CommentAction\",\"name\":\"Comment\",\"target\":[\"https:\\\/\\\/geschwisterbuechner.de\\\/?p=4978#respond\"]}]},{\"@type\":\"WebPage\",\"@id\":\"https:\\\/\\\/geschwisterbuechner.de\\\/?p=4978\",\"url\":\"https:\\\/\\\/geschwisterbuechner.de\\\/?p=4978\",\"name\":\"B\u00fcchners Welt - der Podcast von Luise und Peter - Neues aus Buechnerland\",\"isPartOf\":{\"@id\":\"https:\\\/\\\/geschwisterbuechner.de\\\/#website\"},\"primaryImageOfPage\":{\"@id\":\"https:\\\/\\\/geschwisterbuechner.de\\\/?p=4978#primaryimage\"},\"image\":{\"@id\":\"https:\\\/\\\/geschwisterbuechner.de\\\/?p=4978#primaryimage\"},\"thumbnailUrl\":\"https:\\\/\\\/geschwisterbuechner.de\\\/wp-content\\\/uploads\\\/2025\\\/02\\\/BUeCHNERS-WELT1-1024x1024.png\",\"datePublished\":\"2025-05-03T12:20:38+00:00\",\"dateModified\":\"2026-02-17T13:21:35+00:00\",\"breadcrumb\":{\"@id\":\"https:\\\/\\\/geschwisterbuechner.de\\\/?p=4978#breadcrumb\"},\"inLanguage\":\"de\",\"potentialAction\":[{\"@type\":\"ReadAction\",\"target\":[\"https:\\\/\\\/geschwisterbuechner.de\\\/?p=4978\"]}]},{\"@type\":\"ImageObject\",\"inLanguage\":\"de\",\"@id\":\"https:\\\/\\\/geschwisterbuechner.de\\\/?p=4978#primaryimage\",\"url\":\"https:\\\/\\\/geschwisterbuechner.de\\\/wp-content\\\/uploads\\\/2025\\\/02\\\/BUeCHNERS-WELT1.png\",\"contentUrl\":\"https:\\\/\\\/geschwisterbuechner.de\\\/wp-content\\\/uploads\\\/2025\\\/02\\\/BUeCHNERS-WELT1.png\",\"width\":1080,\"height\":1080},{\"@type\":\"BreadcrumbList\",\"@id\":\"https:\\\/\\\/geschwisterbuechner.de\\\/?p=4978#breadcrumb\",\"itemListElement\":[{\"@type\":\"ListItem\",\"position\":1,\"name\":\"Startseite\",\"item\":\"https:\\\/\\\/geschwisterbuechner.de\\\/\"},{\"@type\":\"ListItem\",\"position\":2,\"name\":\"B\u00fcchners Welt &#8211; der Podcast von Luise und Peter\"}]},{\"@type\":\"WebSite\",\"@id\":\"https:\\\/\\\/geschwisterbuechner.de\\\/#website\",\"url\":\"https:\\\/\\\/geschwisterbuechner.de\\\/\",\"name\":\"Neues aus Buechnerland\",\"description\":\"Peter Brunners Buechnerblog\",\"publisher\":{\"@id\":\"https:\\\/\\\/geschwisterbuechner.de\\\/#\\\/schema\\\/person\\\/ec81f262408192ea04c51ee9c89d48d9\"},\"potentialAction\":[{\"@type\":\"SearchAction\",\"target\":{\"@type\":\"EntryPoint\",\"urlTemplate\":\"https:\\\/\\\/geschwisterbuechner.de\\\/?s={search_term_string}\"},\"query-input\":{\"@type\":\"PropertyValueSpecification\",\"valueRequired\":true,\"valueName\":\"search_term_string\"}}],\"inLanguage\":\"de\"},{\"@type\":[\"Person\",\"Organization\"],\"@id\":\"https:\\\/\\\/geschwisterbuechner.de\\\/#\\\/schema\\\/person\\\/ec81f262408192ea04c51ee9c89d48d9\",\"name\":\"peter brunner\",\"image\":{\"@type\":\"ImageObject\",\"inLanguage\":\"de\",\"@id\":\"https:\\\/\\\/secure.gravatar.com\\\/avatar\\\/b6195224d15188d95b27ef2d5a30de7ec9d4b75805cd922fc20b18ef8165d1e4?s=96&d=mm&r=g\",\"url\":\"https:\\\/\\\/secure.gravatar.com\\\/avatar\\\/b6195224d15188d95b27ef2d5a30de7ec9d4b75805cd922fc20b18ef8165d1e4?s=96&d=mm&r=g\",\"contentUrl\":\"https:\\\/\\\/secure.gravatar.com\\\/avatar\\\/b6195224d15188d95b27ef2d5a30de7ec9d4b75805cd922fc20b18ef8165d1e4?s=96&d=mm&r=g\",\"caption\":\"peter brunner\"},\"logo\":{\"@id\":\"https:\\\/\\\/secure.gravatar.com\\\/avatar\\\/b6195224d15188d95b27ef2d5a30de7ec9d4b75805cd922fc20b18ef8165d1e4?s=96&d=mm&r=g\"}},{\"@type\":\"Person\",\"@id\":\"https:\\\/\\\/geschwisterbuechner.de\\\/#\\\/schema\\\/person\\\/7c4636b33143541e20e029a5cdc9da9c\",\"name\":\"p b\",\"image\":{\"@type\":\"ImageObject\",\"inLanguage\":\"de\",\"@id\":\"https:\\\/\\\/secure.gravatar.com\\\/avatar\\\/92dac5da8fb261224bccf55d6f3db20639a60681a8468110362a8f64a19577b8?s=96&d=mm&r=g\",\"url\":\"https:\\\/\\\/secure.gravatar.com\\\/avatar\\\/92dac5da8fb261224bccf55d6f3db20639a60681a8468110362a8f64a19577b8?s=96&d=mm&r=g\",\"contentUrl\":\"https:\\\/\\\/secure.gravatar.com\\\/avatar\\\/92dac5da8fb261224bccf55d6f3db20639a60681a8468110362a8f64a19577b8?s=96&d=mm&r=g\",\"caption\":\"p b\"},\"url\":\"https:\\\/\\\/geschwisterbuechner.de\\\/?author=61961\"}]}<\/script>\n<!-- \/ Yoast SEO plugin. -->","yoast_head_json":{"title":"B\u00fcchners Welt - der Podcast von Luise und Peter - Neues aus Buechnerland","robots":{"index":"index","follow":"follow","max-snippet":"max-snippet:-1","max-image-preview":"max-image-preview:large","max-video-preview":"max-video-preview:-1"},"canonical":"https:\/\/geschwisterbuechner.de\/?p=4978","og_locale":"de_DE","og_type":"article","og_title":"B\u00fcchners Welt - der Podcast von Luise und Peter - Neues aus Buechnerland","og_description":"Die 21 Folgen des Jahres 2025 Nach der Erstsendung auf RadioDarmstadt &nbsp;werden hier alle Folgen des Podcast zu finden sein &#8211; ganz bequem zum Anh\u00f6ren per Mausklick.&nbsp; Selbstverst\u00e4ndlich finden Sie die Folgen auch auf allen g\u00e4ngigen Portalen zum Anh\u00f6ren wo\u00b4s beliebt.&nbsp; Zur Sendung Im Kern der Sendereihe B\u00fcchners Welt steht Georg B\u00fcchner. Um ihn, seine [&hellip;]","og_url":"https:\/\/geschwisterbuechner.de\/?p=4978","og_site_name":"Neues aus Buechnerland","article_published_time":"2025-05-03T12:20:38+00:00","article_modified_time":"2026-02-17T13:21:35+00:00","og_image":[{"width":1080,"height":1080,"url":"https:\/\/geschwisterbuechner.de\/wp-content\/uploads\/2025\/02\/BUeCHNERS-WELT1.png","type":"image\/png"}],"author":"p b","twitter_card":"summary_large_image","twitter_creator":"@s_p_brunner","twitter_site":"@s_p_brunner","twitter_misc":{"Verfasst von":"p b","Gesch\u00e4tzte Lesezeit":"13\u00a0Minuten"},"schema":{"@context":"https:\/\/schema.org","@graph":[{"@type":"Article","@id":"https:\/\/geschwisterbuechner.de\/?p=4978#article","isPartOf":{"@id":"https:\/\/geschwisterbuechner.de\/?p=4978"},"author":{"name":"p b","@id":"https:\/\/geschwisterbuechner.de\/#\/schema\/person\/7c4636b33143541e20e029a5cdc9da9c"},"headline":"B\u00fcchners Welt &#8211; der Podcast von Luise und Peter","datePublished":"2025-05-03T12:20:38+00:00","dateModified":"2026-02-17T13:21:35+00:00","mainEntityOfPage":{"@id":"https:\/\/geschwisterbuechner.de\/?p=4978"},"wordCount":2482,"commentCount":2,"publisher":{"@id":"https:\/\/geschwisterbuechner.de\/#\/schema\/person\/ec81f262408192ea04c51ee9c89d48d9"},"image":{"@id":"https:\/\/geschwisterbuechner.de\/?p=4978#primaryimage"},"thumbnailUrl":"https:\/\/geschwisterbuechner.de\/wp-content\/uploads\/2025\/02\/BUeCHNERS-WELT1-1024x1024.png","keywords":["B\u00fcchners Welt","Luise und Peter Brunner","podcast"],"articleSection":["B\u00fcchner","Georg B\u00fcchner","Geschichte","in eigener Sache","Podcast"],"inLanguage":"de","potentialAction":[{"@type":"CommentAction","name":"Comment","target":["https:\/\/geschwisterbuechner.de\/?p=4978#respond"]}]},{"@type":"WebPage","@id":"https:\/\/geschwisterbuechner.de\/?p=4978","url":"https:\/\/geschwisterbuechner.de\/?p=4978","name":"B\u00fcchners Welt - der Podcast von Luise und Peter - Neues aus Buechnerland","isPartOf":{"@id":"https:\/\/geschwisterbuechner.de\/#website"},"primaryImageOfPage":{"@id":"https:\/\/geschwisterbuechner.de\/?p=4978#primaryimage"},"image":{"@id":"https:\/\/geschwisterbuechner.de\/?p=4978#primaryimage"},"thumbnailUrl":"https:\/\/geschwisterbuechner.de\/wp-content\/uploads\/2025\/02\/BUeCHNERS-WELT1-1024x1024.png","datePublished":"2025-05-03T12:20:38+00:00","dateModified":"2026-02-17T13:21:35+00:00","breadcrumb":{"@id":"https:\/\/geschwisterbuechner.de\/?p=4978#breadcrumb"},"inLanguage":"de","potentialAction":[{"@type":"ReadAction","target":["https:\/\/geschwisterbuechner.de\/?p=4978"]}]},{"@type":"ImageObject","inLanguage":"de","@id":"https:\/\/geschwisterbuechner.de\/?p=4978#primaryimage","url":"https:\/\/geschwisterbuechner.de\/wp-content\/uploads\/2025\/02\/BUeCHNERS-WELT1.png","contentUrl":"https:\/\/geschwisterbuechner.de\/wp-content\/uploads\/2025\/02\/BUeCHNERS-WELT1.png","width":1080,"height":1080},{"@type":"BreadcrumbList","@id":"https:\/\/geschwisterbuechner.de\/?p=4978#breadcrumb","itemListElement":[{"@type":"ListItem","position":1,"name":"Startseite","item":"https:\/\/geschwisterbuechner.de\/"},{"@type":"ListItem","position":2,"name":"B\u00fcchners Welt &#8211; der Podcast von Luise und Peter"}]},{"@type":"WebSite","@id":"https:\/\/geschwisterbuechner.de\/#website","url":"https:\/\/geschwisterbuechner.de\/","name":"Neues aus Buechnerland","description":"Peter Brunners Buechnerblog","publisher":{"@id":"https:\/\/geschwisterbuechner.de\/#\/schema\/person\/ec81f262408192ea04c51ee9c89d48d9"},"potentialAction":[{"@type":"SearchAction","target":{"@type":"EntryPoint","urlTemplate":"https:\/\/geschwisterbuechner.de\/?s={search_term_string}"},"query-input":{"@type":"PropertyValueSpecification","valueRequired":true,"valueName":"search_term_string"}}],"inLanguage":"de"},{"@type":["Person","Organization"],"@id":"https:\/\/geschwisterbuechner.de\/#\/schema\/person\/ec81f262408192ea04c51ee9c89d48d9","name":"peter brunner","image":{"@type":"ImageObject","inLanguage":"de","@id":"https:\/\/secure.gravatar.com\/avatar\/b6195224d15188d95b27ef2d5a30de7ec9d4b75805cd922fc20b18ef8165d1e4?s=96&d=mm&r=g","url":"https:\/\/secure.gravatar.com\/avatar\/b6195224d15188d95b27ef2d5a30de7ec9d4b75805cd922fc20b18ef8165d1e4?s=96&d=mm&r=g","contentUrl":"https:\/\/secure.gravatar.com\/avatar\/b6195224d15188d95b27ef2d5a30de7ec9d4b75805cd922fc20b18ef8165d1e4?s=96&d=mm&r=g","caption":"peter brunner"},"logo":{"@id":"https:\/\/secure.gravatar.com\/avatar\/b6195224d15188d95b27ef2d5a30de7ec9d4b75805cd922fc20b18ef8165d1e4?s=96&d=mm&r=g"}},{"@type":"Person","@id":"https:\/\/geschwisterbuechner.de\/#\/schema\/person\/7c4636b33143541e20e029a5cdc9da9c","name":"p b","image":{"@type":"ImageObject","inLanguage":"de","@id":"https:\/\/secure.gravatar.com\/avatar\/92dac5da8fb261224bccf55d6f3db20639a60681a8468110362a8f64a19577b8?s=96&d=mm&r=g","url":"https:\/\/secure.gravatar.com\/avatar\/92dac5da8fb261224bccf55d6f3db20639a60681a8468110362a8f64a19577b8?s=96&d=mm&r=g","contentUrl":"https:\/\/secure.gravatar.com\/avatar\/92dac5da8fb261224bccf55d6f3db20639a60681a8468110362a8f64a19577b8?s=96&d=mm&r=g","caption":"p b"},"url":"https:\/\/geschwisterbuechner.de\/?author=61961"}]}},"_links":{"self":[{"href":"https:\/\/geschwisterbuechner.de\/index.php?rest_route=\/wp\/v2\/posts\/4978","targetHints":{"allow":["GET"]}}],"collection":[{"href":"https:\/\/geschwisterbuechner.de\/index.php?rest_route=\/wp\/v2\/posts"}],"about":[{"href":"https:\/\/geschwisterbuechner.de\/index.php?rest_route=\/wp\/v2\/types\/post"}],"author":[{"embeddable":true,"href":"https:\/\/geschwisterbuechner.de\/index.php?rest_route=\/wp\/v2\/users\/61961"}],"replies":[{"embeddable":true,"href":"https:\/\/geschwisterbuechner.de\/index.php?rest_route=%2Fwp%2Fv2%2Fcomments&post=4978"}],"version-history":[{"count":35,"href":"https:\/\/geschwisterbuechner.de\/index.php?rest_route=\/wp\/v2\/posts\/4978\/revisions"}],"predecessor-version":[{"id":5227,"href":"https:\/\/geschwisterbuechner.de\/index.php?rest_route=\/wp\/v2\/posts\/4978\/revisions\/5227"}],"wp:attachment":[{"href":"https:\/\/geschwisterbuechner.de\/index.php?rest_route=%2Fwp%2Fv2%2Fmedia&parent=4978"}],"wp:term":[{"taxonomy":"category","embeddable":true,"href":"https:\/\/geschwisterbuechner.de\/index.php?rest_route=%2Fwp%2Fv2%2Fcategories&post=4978"},{"taxonomy":"post_tag","embeddable":true,"href":"https:\/\/geschwisterbuechner.de\/index.php?rest_route=%2Fwp%2Fv2%2Ftags&post=4978"}],"curies":[{"name":"wp","href":"https:\/\/api.w.org\/{rel}","templated":true}]}}