{"id":4921,"date":"2024-10-18T19:11:34","date_gmt":"2024-10-18T17:11:34","guid":{"rendered":"https:\/\/geschwisterbuechner.de\/?p=4921"},"modified":"2024-10-18T19:11:34","modified_gmt":"2024-10-18T17:11:34","slug":"211-georg-buechner-alive-and-kickin","status":"publish","type":"post","link":"https:\/\/geschwisterbuechner.de\/?p=4921","title":{"rendered":"211, Georg B\u00fcchner alive and kickin"},"content":{"rendered":"\n<p>Auch 2024, zum inzwischen 211. Geburtstag Georg B\u00fcchners, haben wir ihm einen Blumengru\u00df aufs Grab in Z\u00fcrich gelegt.<\/p>\n<p><a href=\"https:\/\/www.buechnerfindetstatt.de\">B\u00fcchnerFindetStatt e.V.,<\/a> der Verein, der B\u00fcchnerHaus und B\u00fcchnerB\u00fchne tr\u00e4gt, gr\u00fc\u00dft mit dem Worten &#8222;Im Geburtsort unvergessen&#8220; aus Goddelau, heute Stadtteil der B\u00fcchnerstadt Riedstadt.<\/p>\n<p>\u00a0<\/p>\n<p><a href=\"https:\/\/geschwisterbuechner.de\/wp-content\/uploads\/2024\/10\/A6405324-scaled.jpeg\"><img loading=\"lazy\" decoding=\"async\" class=\"aligncenter wp-image-4922 size-large\" src=\"https:\/\/geschwisterbuechner.de\/wp-content\/uploads\/2024\/10\/A6405324-683x1024.jpeg\" alt=\"\" width=\"676\" height=\"1014\" srcset=\"https:\/\/geschwisterbuechner.de\/wp-content\/uploads\/2024\/10\/A6405324-683x1024.jpeg 683w, https:\/\/geschwisterbuechner.de\/wp-content\/uploads\/2024\/10\/A6405324-200x300.jpeg 200w, https:\/\/geschwisterbuechner.de\/wp-content\/uploads\/2024\/10\/A6405324-768x1152.jpeg 768w, https:\/\/geschwisterbuechner.de\/wp-content\/uploads\/2024\/10\/A6405324-1024x1536.jpeg 1024w, https:\/\/geschwisterbuechner.de\/wp-content\/uploads\/2024\/10\/A6405324-1365x2048.jpeg 1365w, https:\/\/geschwisterbuechner.de\/wp-content\/uploads\/2024\/10\/A6405324-676x1014.jpeg 676w, https:\/\/geschwisterbuechner.de\/wp-content\/uploads\/2024\/10\/A6405324-scaled.jpeg 1707w\" sizes=\"auto, (max-width: 676px) 100vw, 676px\" \/><\/a><\/p>\n<p>Sch\u00f6n, dass wieder der Linksb\u00fcchnerianer <a href=\"https:\/\/de.wikipedia.org\/wiki\/Stefan_Howald\">Dr. Stefan Howald<\/a> zusammen mit dem klugen <a href=\"https:\/\/www.chronos-verlag.ch\/node\/16288\">Markus B\u00fcrgi<\/a> auf ein Glas Sekt gekommen war, und dass auch diesmal Daniel Rohr von seinem <a href=\"https:\/\/www.theater-rigiblick.ch\">Theater Rigiblick<\/a> gegen\u00fcber zu uns stie\u00df.\u00a0<\/p>\n<p>\u00a0<\/p>\n<div id=\"attachment_4924\" style=\"width: 686px\" class=\"wp-caption aligncenter\"><a href=\"https:\/\/geschwisterbuechner.de\/wp-content\/uploads\/2024\/10\/A6405314-scaled.jpeg\"><img loading=\"lazy\" decoding=\"async\" aria-describedby=\"caption-attachment-4924\" class=\"wp-image-4924 size-large\" src=\"https:\/\/geschwisterbuechner.de\/wp-content\/uploads\/2024\/10\/A6405314-1024x683.jpeg\" alt=\"\" width=\"676\" height=\"451\" srcset=\"https:\/\/geschwisterbuechner.de\/wp-content\/uploads\/2024\/10\/A6405314-1024x683.jpeg 1024w, https:\/\/geschwisterbuechner.de\/wp-content\/uploads\/2024\/10\/A6405314-300x200.jpeg 300w, https:\/\/geschwisterbuechner.de\/wp-content\/uploads\/2024\/10\/A6405314-768x512.jpeg 768w, https:\/\/geschwisterbuechner.de\/wp-content\/uploads\/2024\/10\/A6405314-1536x1024.jpeg 1536w, https:\/\/geschwisterbuechner.de\/wp-content\/uploads\/2024\/10\/A6405314-2048x1365.jpeg 2048w, https:\/\/geschwisterbuechner.de\/wp-content\/uploads\/2024\/10\/A6405314-676x451.jpeg 676w\" sizes=\"auto, (max-width: 676px) 100vw, 676px\" \/><\/a><p id=\"caption-attachment-4924\" class=\"wp-caption-text\">Howald Brunner B\u00fcrgi Rohr (vlnr)<\/p><\/div>\n<p>\u00a0<\/p>\n<p>\u00a0<\/p>\n<p>\u00a0<\/p>\n<p>\u00a0<\/p>\n<div id=\"attachment_4925\" style=\"width: 686px\" class=\"wp-caption alignnone\"><a href=\"https:\/\/geschwisterbuechner.de\/wp-content\/uploads\/2024\/10\/A6405311-scaled.jpeg\"><img loading=\"lazy\" decoding=\"async\" aria-describedby=\"caption-attachment-4925\" class=\"wp-image-4925 size-large\" src=\"https:\/\/geschwisterbuechner.de\/wp-content\/uploads\/2024\/10\/A6405311-683x1024.jpeg\" alt=\"\" width=\"676\" height=\"1014\" srcset=\"https:\/\/geschwisterbuechner.de\/wp-content\/uploads\/2024\/10\/A6405311-683x1024.jpeg 683w, https:\/\/geschwisterbuechner.de\/wp-content\/uploads\/2024\/10\/A6405311-200x300.jpeg 200w, https:\/\/geschwisterbuechner.de\/wp-content\/uploads\/2024\/10\/A6405311-768x1152.jpeg 768w, https:\/\/geschwisterbuechner.de\/wp-content\/uploads\/2024\/10\/A6405311-1024x1536.jpeg 1024w, https:\/\/geschwisterbuechner.de\/wp-content\/uploads\/2024\/10\/A6405311-1365x2048.jpeg 1365w, https:\/\/geschwisterbuechner.de\/wp-content\/uploads\/2024\/10\/A6405311-676x1014.jpeg 676w, https:\/\/geschwisterbuechner.de\/wp-content\/uploads\/2024\/10\/A6405311-scaled.jpeg 1707w\" sizes=\"auto, (max-width: 676px) 100vw, 676px\" \/><\/a><p id=\"caption-attachment-4925\" class=\"wp-caption-text\">Stefan Howald<\/p><\/div>\n<p>\u00a0<\/p>\n<p>\u00a0<\/p>\n<p>Wir sind schon jetzt f\u00fcr n\u00e4chstes Jahr verabredet, und ich hoffe, schon vorher mehr \u00fcber Markus B\u00fcrgis&#8216; Arbeit \u00fcber Wilhelm Liebknecht zu erfahren &#8211; der hat ja seine zweite Frau, Karls Mutter, bei Ludwig B\u00fcchners zuhause kennen gelernt &#8230;\u00a0<\/p>\n<p>\u00a0<\/p>\n<p>\u00a0<\/p>\n","protected":false},"excerpt":{"rendered":"<p>Auch 2024, zum inzwischen 211. Geburtstag Georg B\u00fcchners, haben wir ihm einen Blumengru\u00df aufs Grab in Z\u00fcrich gelegt. B\u00fcchnerFindetStatt e.V., der Verein, der B\u00fcchnerHaus und B\u00fcchnerB\u00fchne tr\u00e4gt, gr\u00fc\u00dft mit dem Worten &#8222;Im Geburtsort unvergessen&#8220; aus Goddelau, heute Stadtteil der B\u00fcchnerstadt Riedstadt. \u00a0 Sch\u00f6n, dass wieder der Linksb\u00fcchnerianer Dr. Stefan Howald zusammen mit dem klugen Markus [&hellip;]<\/p>\n","protected":false},"author":61961,"featured_media":0,"comment_status":"open","ping_status":"open","sticky":false,"template":"","format":"standard","meta":{"footnotes":""},"categories":[215,18,297],"tags":[],"class_list":["post-4921","post","type-post","status-publish","format-standard","hentry","category-buechnerhaus","category-georg-buchner","category-goddelau","post-preview"],"yoast_head":"<!-- This site is optimized with the Yoast SEO plugin v27.5 - https:\/\/yoast.com\/product\/yoast-seo-wordpress\/ -->\n<title>211, Georg B\u00fcchner alive and kickin - Neues aus Buechnerland<\/title>\n<meta name=\"robots\" content=\"index, follow, max-snippet:-1, max-image-preview:large, max-video-preview:-1\" \/>\n<link rel=\"canonical\" href=\"https:\/\/geschwisterbuechner.de\/?p=4921\" \/>\n<meta property=\"og:locale\" content=\"de_DE\" \/>\n<meta property=\"og:type\" content=\"article\" \/>\n<meta property=\"og:title\" content=\"211, Georg B\u00fcchner alive and kickin - Neues aus Buechnerland\" \/>\n<meta property=\"og:description\" content=\"Auch 2024, zum inzwischen 211. Geburtstag Georg B\u00fcchners, haben wir ihm einen Blumengru\u00df aufs Grab in Z\u00fcrich gelegt. B\u00fcchnerFindetStatt e.V., der Verein, der B\u00fcchnerHaus und B\u00fcchnerB\u00fchne tr\u00e4gt, gr\u00fc\u00dft mit dem Worten &#8222;Im Geburtsort unvergessen&#8220; aus Goddelau, heute Stadtteil der B\u00fcchnerstadt Riedstadt. \u00a0 Sch\u00f6n, dass wieder der Linksb\u00fcchnerianer Dr. Stefan Howald zusammen mit dem klugen Markus [&hellip;]\" \/>\n<meta property=\"og:url\" content=\"https:\/\/geschwisterbuechner.de\/?p=4921\" \/>\n<meta property=\"og:site_name\" content=\"Neues aus Buechnerland\" \/>\n<meta property=\"article:published_time\" content=\"2024-10-18T17:11:34+00:00\" \/>\n<meta property=\"og:image\" content=\"https:\/\/geschwisterbuechner.de\/wp-content\/uploads\/2024\/10\/A6405324-683x1024.jpeg\" \/>\n<meta name=\"author\" content=\"p b\" \/>\n<meta name=\"twitter:card\" content=\"summary_large_image\" \/>\n<meta name=\"twitter:creator\" content=\"@s_p_brunner\" \/>\n<meta name=\"twitter:site\" content=\"@s_p_brunner\" \/>\n<meta name=\"twitter:label1\" content=\"Verfasst von\" \/>\n\t<meta name=\"twitter:data1\" content=\"p b\" \/>\n\t<meta name=\"twitter:label2\" content=\"Gesch\u00e4tzte Lesezeit\" \/>\n\t<meta name=\"twitter:data2\" content=\"2\u00a0Minuten\" \/>\n<script type=\"application\/ld+json\" class=\"yoast-schema-graph\">{\"@context\":\"https:\\\/\\\/schema.org\",\"@graph\":[{\"@type\":\"Article\",\"@id\":\"https:\\\/\\\/geschwisterbuechner.de\\\/?p=4921#article\",\"isPartOf\":{\"@id\":\"https:\\\/\\\/geschwisterbuechner.de\\\/?p=4921\"},\"author\":{\"name\":\"p b\",\"@id\":\"https:\\\/\\\/geschwisterbuechner.de\\\/#\\\/schema\\\/person\\\/7c4636b33143541e20e029a5cdc9da9c\"},\"headline\":\"211, Georg B\u00fcchner alive and kickin\",\"datePublished\":\"2024-10-18T17:11:34+00:00\",\"mainEntityOfPage\":{\"@id\":\"https:\\\/\\\/geschwisterbuechner.de\\\/?p=4921\"},\"wordCount\":157,\"commentCount\":0,\"publisher\":{\"@id\":\"https:\\\/\\\/geschwisterbuechner.de\\\/#\\\/schema\\\/person\\\/ec81f262408192ea04c51ee9c89d48d9\"},\"image\":{\"@id\":\"https:\\\/\\\/geschwisterbuechner.de\\\/?p=4921#primaryimage\"},\"thumbnailUrl\":\"https:\\\/\\\/geschwisterbuechner.de\\\/wp-content\\\/uploads\\\/2024\\\/10\\\/A6405324-683x1024.jpeg\",\"articleSection\":[\"B\u00fcchnerhaus\",\"Georg B\u00fcchner\",\"Goddelau\"],\"inLanguage\":\"de\",\"potentialAction\":[{\"@type\":\"CommentAction\",\"name\":\"Comment\",\"target\":[\"https:\\\/\\\/geschwisterbuechner.de\\\/?p=4921#respond\"]}]},{\"@type\":\"WebPage\",\"@id\":\"https:\\\/\\\/geschwisterbuechner.de\\\/?p=4921\",\"url\":\"https:\\\/\\\/geschwisterbuechner.de\\\/?p=4921\",\"name\":\"211, Georg B\u00fcchner alive and kickin - Neues aus Buechnerland\",\"isPartOf\":{\"@id\":\"https:\\\/\\\/geschwisterbuechner.de\\\/#website\"},\"primaryImageOfPage\":{\"@id\":\"https:\\\/\\\/geschwisterbuechner.de\\\/?p=4921#primaryimage\"},\"image\":{\"@id\":\"https:\\\/\\\/geschwisterbuechner.de\\\/?p=4921#primaryimage\"},\"thumbnailUrl\":\"https:\\\/\\\/geschwisterbuechner.de\\\/wp-content\\\/uploads\\\/2024\\\/10\\\/A6405324-683x1024.jpeg\",\"datePublished\":\"2024-10-18T17:11:34+00:00\",\"breadcrumb\":{\"@id\":\"https:\\\/\\\/geschwisterbuechner.de\\\/?p=4921#breadcrumb\"},\"inLanguage\":\"de\",\"potentialAction\":[{\"@type\":\"ReadAction\",\"target\":[\"https:\\\/\\\/geschwisterbuechner.de\\\/?p=4921\"]}]},{\"@type\":\"ImageObject\",\"inLanguage\":\"de\",\"@id\":\"https:\\\/\\\/geschwisterbuechner.de\\\/?p=4921#primaryimage\",\"url\":\"https:\\\/\\\/geschwisterbuechner.de\\\/wp-content\\\/uploads\\\/2024\\\/10\\\/A6405324-scaled.jpeg\",\"contentUrl\":\"https:\\\/\\\/geschwisterbuechner.de\\\/wp-content\\\/uploads\\\/2024\\\/10\\\/A6405324-scaled.jpeg\",\"width\":1707,\"height\":2560},{\"@type\":\"BreadcrumbList\",\"@id\":\"https:\\\/\\\/geschwisterbuechner.de\\\/?p=4921#breadcrumb\",\"itemListElement\":[{\"@type\":\"ListItem\",\"position\":1,\"name\":\"Startseite\",\"item\":\"https:\\\/\\\/geschwisterbuechner.de\\\/\"},{\"@type\":\"ListItem\",\"position\":2,\"name\":\"211, Georg B\u00fcchner alive and kickin\"}]},{\"@type\":\"WebSite\",\"@id\":\"https:\\\/\\\/geschwisterbuechner.de\\\/#website\",\"url\":\"https:\\\/\\\/geschwisterbuechner.de\\\/\",\"name\":\"Neues aus Buechnerland\",\"description\":\"Peter Brunners Buechnerblog\",\"publisher\":{\"@id\":\"https:\\\/\\\/geschwisterbuechner.de\\\/#\\\/schema\\\/person\\\/ec81f262408192ea04c51ee9c89d48d9\"},\"potentialAction\":[{\"@type\":\"SearchAction\",\"target\":{\"@type\":\"EntryPoint\",\"urlTemplate\":\"https:\\\/\\\/geschwisterbuechner.de\\\/?s={search_term_string}\"},\"query-input\":{\"@type\":\"PropertyValueSpecification\",\"valueRequired\":true,\"valueName\":\"search_term_string\"}}],\"inLanguage\":\"de\"},{\"@type\":[\"Person\",\"Organization\"],\"@id\":\"https:\\\/\\\/geschwisterbuechner.de\\\/#\\\/schema\\\/person\\\/ec81f262408192ea04c51ee9c89d48d9\",\"name\":\"peter brunner\",\"image\":{\"@type\":\"ImageObject\",\"inLanguage\":\"de\",\"@id\":\"https:\\\/\\\/secure.gravatar.com\\\/avatar\\\/b6195224d15188d95b27ef2d5a30de7ec9d4b75805cd922fc20b18ef8165d1e4?s=96&d=mm&r=g\",\"url\":\"https:\\\/\\\/secure.gravatar.com\\\/avatar\\\/b6195224d15188d95b27ef2d5a30de7ec9d4b75805cd922fc20b18ef8165d1e4?s=96&d=mm&r=g\",\"contentUrl\":\"https:\\\/\\\/secure.gravatar.com\\\/avatar\\\/b6195224d15188d95b27ef2d5a30de7ec9d4b75805cd922fc20b18ef8165d1e4?s=96&d=mm&r=g\",\"caption\":\"peter brunner\"},\"logo\":{\"@id\":\"https:\\\/\\\/secure.gravatar.com\\\/avatar\\\/b6195224d15188d95b27ef2d5a30de7ec9d4b75805cd922fc20b18ef8165d1e4?s=96&d=mm&r=g\"}},{\"@type\":\"Person\",\"@id\":\"https:\\\/\\\/geschwisterbuechner.de\\\/#\\\/schema\\\/person\\\/7c4636b33143541e20e029a5cdc9da9c\",\"name\":\"p b\",\"image\":{\"@type\":\"ImageObject\",\"inLanguage\":\"de\",\"@id\":\"https:\\\/\\\/secure.gravatar.com\\\/avatar\\\/92dac5da8fb261224bccf55d6f3db20639a60681a8468110362a8f64a19577b8?s=96&d=mm&r=g\",\"url\":\"https:\\\/\\\/secure.gravatar.com\\\/avatar\\\/92dac5da8fb261224bccf55d6f3db20639a60681a8468110362a8f64a19577b8?s=96&d=mm&r=g\",\"contentUrl\":\"https:\\\/\\\/secure.gravatar.com\\\/avatar\\\/92dac5da8fb261224bccf55d6f3db20639a60681a8468110362a8f64a19577b8?s=96&d=mm&r=g\",\"caption\":\"p b\"},\"url\":\"https:\\\/\\\/geschwisterbuechner.de\\\/?author=61961\"}]}<\/script>\n<!-- \/ Yoast SEO plugin. -->","yoast_head_json":{"title":"211, Georg B\u00fcchner alive and kickin - Neues aus Buechnerland","robots":{"index":"index","follow":"follow","max-snippet":"max-snippet:-1","max-image-preview":"max-image-preview:large","max-video-preview":"max-video-preview:-1"},"canonical":"https:\/\/geschwisterbuechner.de\/?p=4921","og_locale":"de_DE","og_type":"article","og_title":"211, Georg B\u00fcchner alive and kickin - Neues aus Buechnerland","og_description":"Auch 2024, zum inzwischen 211. Geburtstag Georg B\u00fcchners, haben wir ihm einen Blumengru\u00df aufs Grab in Z\u00fcrich gelegt. B\u00fcchnerFindetStatt e.V., der Verein, der B\u00fcchnerHaus und B\u00fcchnerB\u00fchne tr\u00e4gt, gr\u00fc\u00dft mit dem Worten &#8222;Im Geburtsort unvergessen&#8220; aus Goddelau, heute Stadtteil der B\u00fcchnerstadt Riedstadt. \u00a0 Sch\u00f6n, dass wieder der Linksb\u00fcchnerianer Dr. Stefan Howald zusammen mit dem klugen Markus [&hellip;]","og_url":"https:\/\/geschwisterbuechner.de\/?p=4921","og_site_name":"Neues aus Buechnerland","article_published_time":"2024-10-18T17:11:34+00:00","og_image":[{"url":"https:\/\/geschwisterbuechner.de\/wp-content\/uploads\/2024\/10\/A6405324-683x1024.jpeg","type":"","width":"","height":""}],"author":"p b","twitter_card":"summary_large_image","twitter_creator":"@s_p_brunner","twitter_site":"@s_p_brunner","twitter_misc":{"Verfasst von":"p b","Gesch\u00e4tzte Lesezeit":"2\u00a0Minuten"},"schema":{"@context":"https:\/\/schema.org","@graph":[{"@type":"Article","@id":"https:\/\/geschwisterbuechner.de\/?p=4921#article","isPartOf":{"@id":"https:\/\/geschwisterbuechner.de\/?p=4921"},"author":{"name":"p b","@id":"https:\/\/geschwisterbuechner.de\/#\/schema\/person\/7c4636b33143541e20e029a5cdc9da9c"},"headline":"211, Georg B\u00fcchner alive and kickin","datePublished":"2024-10-18T17:11:34+00:00","mainEntityOfPage":{"@id":"https:\/\/geschwisterbuechner.de\/?p=4921"},"wordCount":157,"commentCount":0,"publisher":{"@id":"https:\/\/geschwisterbuechner.de\/#\/schema\/person\/ec81f262408192ea04c51ee9c89d48d9"},"image":{"@id":"https:\/\/geschwisterbuechner.de\/?p=4921#primaryimage"},"thumbnailUrl":"https:\/\/geschwisterbuechner.de\/wp-content\/uploads\/2024\/10\/A6405324-683x1024.jpeg","articleSection":["B\u00fcchnerhaus","Georg B\u00fcchner","Goddelau"],"inLanguage":"de","potentialAction":[{"@type":"CommentAction","name":"Comment","target":["https:\/\/geschwisterbuechner.de\/?p=4921#respond"]}]},{"@type":"WebPage","@id":"https:\/\/geschwisterbuechner.de\/?p=4921","url":"https:\/\/geschwisterbuechner.de\/?p=4921","name":"211, Georg B\u00fcchner alive and kickin - Neues aus Buechnerland","isPartOf":{"@id":"https:\/\/geschwisterbuechner.de\/#website"},"primaryImageOfPage":{"@id":"https:\/\/geschwisterbuechner.de\/?p=4921#primaryimage"},"image":{"@id":"https:\/\/geschwisterbuechner.de\/?p=4921#primaryimage"},"thumbnailUrl":"https:\/\/geschwisterbuechner.de\/wp-content\/uploads\/2024\/10\/A6405324-683x1024.jpeg","datePublished":"2024-10-18T17:11:34+00:00","breadcrumb":{"@id":"https:\/\/geschwisterbuechner.de\/?p=4921#breadcrumb"},"inLanguage":"de","potentialAction":[{"@type":"ReadAction","target":["https:\/\/geschwisterbuechner.de\/?p=4921"]}]},{"@type":"ImageObject","inLanguage":"de","@id":"https:\/\/geschwisterbuechner.de\/?p=4921#primaryimage","url":"https:\/\/geschwisterbuechner.de\/wp-content\/uploads\/2024\/10\/A6405324-scaled.jpeg","contentUrl":"https:\/\/geschwisterbuechner.de\/wp-content\/uploads\/2024\/10\/A6405324-scaled.jpeg","width":1707,"height":2560},{"@type":"BreadcrumbList","@id":"https:\/\/geschwisterbuechner.de\/?p=4921#breadcrumb","itemListElement":[{"@type":"ListItem","position":1,"name":"Startseite","item":"https:\/\/geschwisterbuechner.de\/"},{"@type":"ListItem","position":2,"name":"211, Georg B\u00fcchner alive and kickin"}]},{"@type":"WebSite","@id":"https:\/\/geschwisterbuechner.de\/#website","url":"https:\/\/geschwisterbuechner.de\/","name":"Neues aus Buechnerland","description":"Peter Brunners Buechnerblog","publisher":{"@id":"https:\/\/geschwisterbuechner.de\/#\/schema\/person\/ec81f262408192ea04c51ee9c89d48d9"},"potentialAction":[{"@type":"SearchAction","target":{"@type":"EntryPoint","urlTemplate":"https:\/\/geschwisterbuechner.de\/?s={search_term_string}"},"query-input":{"@type":"PropertyValueSpecification","valueRequired":true,"valueName":"search_term_string"}}],"inLanguage":"de"},{"@type":["Person","Organization"],"@id":"https:\/\/geschwisterbuechner.de\/#\/schema\/person\/ec81f262408192ea04c51ee9c89d48d9","name":"peter brunner","image":{"@type":"ImageObject","inLanguage":"de","@id":"https:\/\/secure.gravatar.com\/avatar\/b6195224d15188d95b27ef2d5a30de7ec9d4b75805cd922fc20b18ef8165d1e4?s=96&d=mm&r=g","url":"https:\/\/secure.gravatar.com\/avatar\/b6195224d15188d95b27ef2d5a30de7ec9d4b75805cd922fc20b18ef8165d1e4?s=96&d=mm&r=g","contentUrl":"https:\/\/secure.gravatar.com\/avatar\/b6195224d15188d95b27ef2d5a30de7ec9d4b75805cd922fc20b18ef8165d1e4?s=96&d=mm&r=g","caption":"peter brunner"},"logo":{"@id":"https:\/\/secure.gravatar.com\/avatar\/b6195224d15188d95b27ef2d5a30de7ec9d4b75805cd922fc20b18ef8165d1e4?s=96&d=mm&r=g"}},{"@type":"Person","@id":"https:\/\/geschwisterbuechner.de\/#\/schema\/person\/7c4636b33143541e20e029a5cdc9da9c","name":"p b","image":{"@type":"ImageObject","inLanguage":"de","@id":"https:\/\/secure.gravatar.com\/avatar\/92dac5da8fb261224bccf55d6f3db20639a60681a8468110362a8f64a19577b8?s=96&d=mm&r=g","url":"https:\/\/secure.gravatar.com\/avatar\/92dac5da8fb261224bccf55d6f3db20639a60681a8468110362a8f64a19577b8?s=96&d=mm&r=g","contentUrl":"https:\/\/secure.gravatar.com\/avatar\/92dac5da8fb261224bccf55d6f3db20639a60681a8468110362a8f64a19577b8?s=96&d=mm&r=g","caption":"p b"},"url":"https:\/\/geschwisterbuechner.de\/?author=61961"}]}},"_links":{"self":[{"href":"https:\/\/geschwisterbuechner.de\/index.php?rest_route=\/wp\/v2\/posts\/4921","targetHints":{"allow":["GET"]}}],"collection":[{"href":"https:\/\/geschwisterbuechner.de\/index.php?rest_route=\/wp\/v2\/posts"}],"about":[{"href":"https:\/\/geschwisterbuechner.de\/index.php?rest_route=\/wp\/v2\/types\/post"}],"author":[{"embeddable":true,"href":"https:\/\/geschwisterbuechner.de\/index.php?rest_route=\/wp\/v2\/users\/61961"}],"replies":[{"embeddable":true,"href":"https:\/\/geschwisterbuechner.de\/index.php?rest_route=%2Fwp%2Fv2%2Fcomments&post=4921"}],"version-history":[{"count":3,"href":"https:\/\/geschwisterbuechner.de\/index.php?rest_route=\/wp\/v2\/posts\/4921\/revisions"}],"predecessor-version":[{"id":4927,"href":"https:\/\/geschwisterbuechner.de\/index.php?rest_route=\/wp\/v2\/posts\/4921\/revisions\/4927"}],"wp:attachment":[{"href":"https:\/\/geschwisterbuechner.de\/index.php?rest_route=%2Fwp%2Fv2%2Fmedia&parent=4921"}],"wp:term":[{"taxonomy":"category","embeddable":true,"href":"https:\/\/geschwisterbuechner.de\/index.php?rest_route=%2Fwp%2Fv2%2Fcategories&post=4921"},{"taxonomy":"post_tag","embeddable":true,"href":"https:\/\/geschwisterbuechner.de\/index.php?rest_route=%2Fwp%2Fv2%2Ftags&post=4921"}],"curies":[{"name":"wp","href":"https:\/\/api.w.org\/{rel}","templated":true}]}}