{"id":4230,"date":"2019-10-11T14:52:54","date_gmt":"2019-10-11T12:52:54","guid":{"rendered":"http:\/\/geschwisterbuechner.de\/?p=4230"},"modified":"2019-10-18T14:57:47","modified_gmt":"2019-10-18T12:57:47","slug":"die-veranstaltungen-im-vierten-quartal-2019","status":"publish","type":"post","link":"https:\/\/geschwisterbuechner.de\/?p=4230","title":{"rendered":"Die Veranstaltungen im vierten Quartal 2019"},"content":{"rendered":"\n<p>\n<strong>Donnerstag,\n17. Oktober, 19:30 Uhr, B\u00fcchnerB\u00fchne Leeheim, 18 \u20ac <\/strong>\n<\/p>\n\n\n\n<h2 class=\"wp-block-heading\"><strong>B\u00fcchnerB\u00fchne und B\u00fcchnerhaus laden ein zu Georg B\u00fcchners Geburtstag am 17. Oktober  <\/strong><\/h2>\n\n\n\n<p><strong>O\nValerio, ich bin so jung, und die Welt ist so alt <\/strong>\n<\/p>\n\n\n\n<p>Anl\u00e4sslich\nseines 206. Geburtstags ehren wir unseren Namenspatron Georg B\u00fcchner\nmit einer musikalischen Reise durch dessen Lebensstationen und Werk &#8211;\nmit neuen Liedern und Songs im modernen Gewand auf Basis seiner\nBriefe und poetisch zeitlosen Theatertexten. \n<\/p>\n\n\n\n<p><strong>Besetzung<\/strong>:\nOliver Kai M\u00fcller, M\u00e9lanie Linzer, Bastian Hahn, Vincent Hoff,\nHannah Br\u00f6der, Alexander Valerius <strong>Conference<\/strong>:\nPeter Brunner \n<\/p>\n\n\n\n<p><strong>Leitung:\n<\/strong>Christian\nSuhr \n<\/p>\n\n\n\n<p>Spieldauer: 85 Minuten   <\/p>\n\n\n\n<p><strong>Sonntag,\n27. Oktober, 18 Uhr, Kunstgalerie am B\u00fcchnerhaus, 8 \u20ac <\/strong>\n<\/p>\n\n\n\n<h2 class=\"wp-block-heading\"><strong>Lucia\nBornhofen: Mit Mark Twain durch Europa <\/strong>\n<\/h2>\n\n\n\n<p><em>Benefiz\nzugunsten des F\u00f6rdervereins B\u00fcchnerhaus <\/em>\n<\/p>\n\n\n\n<p>Mark\nTwain war Mitte Vierzig, als er sich zum zweiten Mal auf die lange\nReise zum \u201ealten Kontinent\u201c begab. Mehr als ein Jahr verbrachte\ner in Deutschland, der Schweiz, Italien und London und im Jahr\ndarauf, 1880, erschienen seine Reiseeindr\u00fccke \u201eA Tramp abroad\u201c\n(zu Deutsch \u201eBummel durch Europa\u201c). Darin schildert er, der die\nSitten und Gebr\u00e4uche sehr genau beobachtet hatte, seine Erlebnisse\nunvoreingenommen, voller Staunen und zum Teil hochkomisch. Lucia\nBornhofen hat die wunderlichsten, unterhaltsamsten St\u00fccke aus diesen\nTwainschen Reiseeindr\u00fccken zusammengestellt und bringt sie in\ngewohnt gekonnter Art und Weise zu Geh\u00f6r \u2013 und nat\u00fcrlich wei\u00df\nsie auch wieder viel \u00fcber Herrn Twain selbst zu berichten. \n<\/p>\n\n\n\n<p><em>Lucia Bornhofen ist Buchh\u00e4ndlerin in Gernsheim. Seit vielen Jahren unterst\u00fctzt sie das B\u00fcchnerhaus mit einer Benefizpr\u00e4sentation ihres literarischen Programms, das sie erfolgreich in der ganzen Bundesrepublik pr\u00e4sentiert. <\/em><\/p>\n\n\n\n<p><\/p>\n\n\n\n<p><strong>Donnerstag, 14. November , 19 Uhr, Kunstgalerie am B\u00fccherhaus, 8 \u20ac <\/strong> <\/p>\n\n\n\n<h2 class=\"wp-block-heading\"><strong>Andreas\nEikenroth: B\u00fcchners Woyzeck als Comic <\/strong>\n<\/h2>\n\n\n\n<h2 class=\"wp-block-heading\"><strong>Pedro\nHafermann \/ Esra Schreier: \u201eBist Du\u2019s, Franz?\u201c <\/strong>\n<\/h2>\n\n\n\n<p>\u201eEine\ngraphische Inszenierung\u201c nennt der Gie\u00dfener B\u00fchnentechniker und\nComicautor Andreas Eikenroth seinen Comic. Stilistisch geschult und\norientiert an Jeanne Mammen und George Grosz hat er eine sehr eigene\nInterpretation des ber\u00fchmten Dramas vorgelegt. Seit dem Erscheinen\nin der \u201eEdition 52\u201c hat der Band gro\u00dfe Aufmerksamkeit erzielt.\nIn der Galerie wird er Originale seiner Arbeit zeigen, seine\nbesondere Form der Auseinandersetzung mit B\u00fcchners \u201eWoyzeck\u201c\nschildern und im Gespr\u00e4ch mit dem Museumsleiter Peter Brunner\ndar\u00fcber nachdenken, was Comic-Adaptionen f\u00fcr den Umgang mit\nLiteratur bedeuten. \n<\/p>\n\n\n\n<p>\u201e<strong>BIST\nDU&#8217;S, FRANZ?\u201c <\/strong>\n<\/p>\n\n\n\n<p>\u201e<em>Dass\ndie M\u00e4nner ein&#8217;n immer so stehe lasse, so ganz allein mit die\nschlechte Gewissen.\u201d <\/em>\n<\/p>\n\n\n\n<p>Dies\nist die Geschichte von Marie. Frei nach B\u00fcchner und mit seiner\nSprache wird die br\u00fcchige Liebe zwischen ihr und Franz Woyzeck in\nkurzen, fast allt\u00e4glichen Dialogen neu ausgelotet. Text: Pedro\nHafermann. Es lesen Esra Schreier und Pedro Hafermann \n<\/p>\n\n\n\n<p><em>Andreas Eikenroth kommt aus Gie\u00dfen, hat dort in den 1990er Jahren das Comicmagazin \u201ethe Kainsmal\u201c mitbegr\u00fcndet. Darauf folgten einige Ver\u00f6ffentlichungen im Eigenverlag (u.a. \u201eTage wie Blei\u201c nach der Kurzgeschichtensammlung \u201eOhne Amok\u201c von Paul Hess). 2013 erschien \u201eDie Sch\u00f6nheit des Scheiterns\u201c bei der Edition 52, wof\u00fcr es im 2014 den ICOM Preis f\u00fcr das beste Szenario gab, gefolgt von der Graphic Novel \u201eHummel mit Wodka\u201c. Die \u201eWoyzeck\u201c Adaption nach dem Dramenfragment von Georg B\u00fcchner ist sein neuestes Werk. <\/em> <\/p>\n\n\n\n<p><\/p>\n\n\n\n<p><\/p>\n\n\n\n<p><\/p>\n\n\n\n<p><strong>Donnerstag,\n21. November, 19 Uhr, Kunstgalerie am B\u00fcchnerhaus, 8 \u20ac <\/strong>\n<\/p>\n\n\n\n<h2 class=\"wp-block-heading\"><strong>Andel\nM\u00fcller: Die Adepten. Aus der Reihe \u201eZeitgenossen\u201c <\/strong>\n<\/h2>\n\n\n\n<p><em>Mit\nfreundlicher Unterst\u00fctzung der Hessischen Landeszentrale f\u00fcr\npolitische Bildung <\/em>\n<\/p>\n\n\n\n<p>Vielleicht\nist die Wirkung auf aktuelle Literatur die wichtigste Form von\n\u201eliterarischem Erbe\u201c \u00fcberhaupt, und Georg B\u00fcchner, dessen\nZeitgenossen die Veranstaltungsreihe vorstellt, wurde f\u00fcr viele noch\nlange nach seinem Tod \u201eZeitgenosse\u201c in dem Sinn, dass er als\naktueller Autor verstanden wurde. \n<\/p>\n\n\n\n<p>Georg\nB\u00fcchners gro\u00dfer Einfluss auf die deutsche Literatur zu Beginn des\n20. Jahrhunderts ist unbestritten und offensichtlich: die Autor*innen\nder Jahrhundertwende von Frank Wederkind \u00fcber Franz Werfel bis zu\nStadler, Trakl und Toller haben ihren Blick auf den \u201egemeinen Mann\u201c\nan B\u00fcchner geschult. In der Gegenwart bietet das zeitlose Werk\nB\u00fcchners Ankn\u00fcpfungs- und Reibungspunkte. Bert Brecht und Heiner\nM\u00fcller, Hans-Magnus Enzensberger und Alexander Kluge haben sich an\nB\u00fcchner abgearbeitet, einige B\u00fcchnerpreistr\u00e4ger*innen haben\ngro\u00dfartige Beitr\u00e4ge in ihrer Dankesrede geliefert. \n<\/p>\n\n\n\n<p>In\nDarmstadt sind es die Autoren der \u201eDachstube\u201c, f\u00fcr die B\u00fcchner\npr\u00e4gend wird: Theo Haubach und Carlo Mierendorff, Kasimir Edschmid,\nHans Schiebelhuth und Fritz Usinger verstanden sich als B\u00fcchners\nEnkel \u2013 B\u00fcchners Gro\u00dfneffe Anton ging mit ihnen zur Schule. \n<\/p>\n\n\n\n<p><em>Andel\nM\u00fcller war mehr als drei\u00dfig Jahre lang Deutschlehrer am\nMax-Planck-Gymnasium in Gross-Umstadt, \u00fcber 15 Jahre lang Leiter des\nDarmst\u00e4dter Literaturhauses. 2018 erschien sein autobiographischer\nRoman \u201eRockin\u2018 Rausch\u201c. <\/em>\n<\/p>\n\n\n<p><!-- \/wp:post-content --><\/p>\n<p><!-- \/wp:paragraph --><\/p>\n<p><!-- wp:image {\"id\":2829} --><\/p>\n<figure class=\"wp-block-image\"><img loading=\"lazy\" decoding=\"async\" width=\"150\" height=\"150\" class=\"wp-image-2829\" src=\"https:\/\/geschwisterbuechner.de\/wp-content\/uploads\/2016\/02\/PB_Portrait-150x150.jpg\" alt=\"Peter Brunner\"\/><\/figure>\n<p><!-- \/wp:image --><\/p>\n<p><!-- wp:paragraph --><\/p>\n<p><\/p>\n<p><!-- \/wp:paragraph --><\/p>\n<p><!-- wp:paragraph --><\/p>\n<p>von Peter Brunner<\/p>\n<p><!-- \/wp:paragraph --><\/p>\n<p><!-- wp:image {\"id\":4220} --><\/p>\n<figure class=\"wp-block-image\"><\/figure>\n<p><!-- \/wp:image --><\/p>","protected":false},"excerpt":{"rendered":"<p>B\u00fcchnerhaus Riedstadt:<br \/>\nDie Veranstaltungen im vierten Quartal 2019<\/p>\n","protected":false},"author":379,"featured_media":0,"comment_status":"open","ping_status":"open","sticky":false,"template":"","format":"standard","meta":{"footnotes":""},"categories":[215,14,297,13,29,4,20],"tags":[49,358,359],"class_list":["post-4230","post","type-post","status-publish","format-standard","hentry","category-buechnerhaus","category-geschichte","category-goddelau","category-texte","category-theater","category-veranstaltung","category-volksbildung","tag-buechnerbuehne","tag-buechnnerhaus","tag-veranstaltungen","post-preview"],"yoast_head":"<!-- This site is optimized with the Yoast SEO plugin v27.5 - https:\/\/yoast.com\/product\/yoast-seo-wordpress\/ -->\n<title>Die Veranstaltungen im vierten Quartal 2019 - Neues aus Buechnerland<\/title>\n<meta name=\"robots\" content=\"index, follow, max-snippet:-1, max-image-preview:large, max-video-preview:-1\" \/>\n<link rel=\"canonical\" href=\"https:\/\/geschwisterbuechner.de\/?p=4230\" \/>\n<meta property=\"og:locale\" content=\"de_DE\" \/>\n<meta property=\"og:type\" content=\"article\" \/>\n<meta property=\"og:title\" content=\"Die Veranstaltungen im vierten Quartal 2019 - Neues aus Buechnerland\" \/>\n<meta property=\"og:description\" content=\"B\u00fcchnerhaus Riedstadt: Die Veranstaltungen im vierten Quartal 2019\" \/>\n<meta property=\"og:url\" content=\"https:\/\/geschwisterbuechner.de\/?p=4230\" \/>\n<meta property=\"og:site_name\" content=\"Neues aus Buechnerland\" \/>\n<meta property=\"article:published_time\" content=\"2019-10-11T12:52:54+00:00\" \/>\n<meta property=\"article:modified_time\" content=\"2019-10-18T12:57:47+00:00\" \/>\n<meta property=\"og:image\" content=\"https:\/\/geschwisterbuechner.de\/wp-content\/uploads\/2016\/02\/PB_Portrait-150x150.jpg\" \/>\n<meta name=\"author\" content=\"peter brunner\" \/>\n<meta name=\"twitter:card\" content=\"summary_large_image\" \/>\n<meta name=\"twitter:creator\" content=\"@s_p_brunner\" \/>\n<meta name=\"twitter:site\" content=\"@s_p_brunner\" \/>\n<meta name=\"twitter:label1\" content=\"Verfasst von\" \/>\n\t<meta name=\"twitter:data1\" content=\"peter brunner\" \/>\n\t<meta name=\"twitter:label2\" content=\"Gesch\u00e4tzte Lesezeit\" \/>\n\t<meta name=\"twitter:data2\" content=\"4\u00a0Minuten\" \/>\n<script type=\"application\/ld+json\" class=\"yoast-schema-graph\">{\"@context\":\"https:\\\/\\\/schema.org\",\"@graph\":[{\"@type\":\"Article\",\"@id\":\"https:\\\/\\\/geschwisterbuechner.de\\\/?p=4230#article\",\"isPartOf\":{\"@id\":\"https:\\\/\\\/geschwisterbuechner.de\\\/?p=4230\"},\"author\":{\"name\":\"peter brunner\",\"@id\":\"https:\\\/\\\/geschwisterbuechner.de\\\/#\\\/schema\\\/person\\\/ec81f262408192ea04c51ee9c89d48d9\"},\"headline\":\"Die Veranstaltungen im vierten Quartal 2019\",\"datePublished\":\"2019-10-11T12:52:54+00:00\",\"dateModified\":\"2019-10-18T12:57:47+00:00\",\"mainEntityOfPage\":{\"@id\":\"https:\\\/\\\/geschwisterbuechner.de\\\/?p=4230\"},\"wordCount\":754,\"commentCount\":0,\"publisher\":{\"@id\":\"https:\\\/\\\/geschwisterbuechner.de\\\/#\\\/schema\\\/person\\\/ec81f262408192ea04c51ee9c89d48d9\"},\"image\":{\"@id\":\"https:\\\/\\\/geschwisterbuechner.de\\\/?p=4230#primaryimage\"},\"thumbnailUrl\":\"https:\\\/\\\/geschwisterbuechner.de\\\/wp-content\\\/uploads\\\/2016\\\/02\\\/PB_Portrait-150x150.jpg\",\"keywords\":[\"B\u00fcchnerb\u00fchne\",\"B\u00fcchnnerhaus\",\"veranstaltungen\"],\"articleSection\":[\"B\u00fcchnerhaus\",\"Geschichte\",\"Goddelau\",\"Texte\",\"Theater\",\"Veranstaltung\",\"Volksbildung\"],\"inLanguage\":\"de\",\"potentialAction\":[{\"@type\":\"CommentAction\",\"name\":\"Comment\",\"target\":[\"https:\\\/\\\/geschwisterbuechner.de\\\/?p=4230#respond\"]}]},{\"@type\":\"WebPage\",\"@id\":\"https:\\\/\\\/geschwisterbuechner.de\\\/?p=4230\",\"url\":\"https:\\\/\\\/geschwisterbuechner.de\\\/?p=4230\",\"name\":\"Die Veranstaltungen im vierten Quartal 2019 - Neues aus Buechnerland\",\"isPartOf\":{\"@id\":\"https:\\\/\\\/geschwisterbuechner.de\\\/#website\"},\"primaryImageOfPage\":{\"@id\":\"https:\\\/\\\/geschwisterbuechner.de\\\/?p=4230#primaryimage\"},\"image\":{\"@id\":\"https:\\\/\\\/geschwisterbuechner.de\\\/?p=4230#primaryimage\"},\"thumbnailUrl\":\"https:\\\/\\\/geschwisterbuechner.de\\\/wp-content\\\/uploads\\\/2016\\\/02\\\/PB_Portrait-150x150.jpg\",\"datePublished\":\"2019-10-11T12:52:54+00:00\",\"dateModified\":\"2019-10-18T12:57:47+00:00\",\"breadcrumb\":{\"@id\":\"https:\\\/\\\/geschwisterbuechner.de\\\/?p=4230#breadcrumb\"},\"inLanguage\":\"de\",\"potentialAction\":[{\"@type\":\"ReadAction\",\"target\":[\"https:\\\/\\\/geschwisterbuechner.de\\\/?p=4230\"]}]},{\"@type\":\"ImageObject\",\"inLanguage\":\"de\",\"@id\":\"https:\\\/\\\/geschwisterbuechner.de\\\/?p=4230#primaryimage\",\"url\":\"https:\\\/\\\/geschwisterbuechner.de\\\/wp-content\\\/uploads\\\/2016\\\/02\\\/PB_Portrait.jpg\",\"contentUrl\":\"https:\\\/\\\/geschwisterbuechner.de\\\/wp-content\\\/uploads\\\/2016\\\/02\\\/PB_Portrait.jpg\",\"width\":385,\"height\":492,\"caption\":\"Peter Brunner\"},{\"@type\":\"BreadcrumbList\",\"@id\":\"https:\\\/\\\/geschwisterbuechner.de\\\/?p=4230#breadcrumb\",\"itemListElement\":[{\"@type\":\"ListItem\",\"position\":1,\"name\":\"Startseite\",\"item\":\"https:\\\/\\\/geschwisterbuechner.de\\\/\"},{\"@type\":\"ListItem\",\"position\":2,\"name\":\"Die Veranstaltungen im vierten Quartal 2019\"}]},{\"@type\":\"WebSite\",\"@id\":\"https:\\\/\\\/geschwisterbuechner.de\\\/#website\",\"url\":\"https:\\\/\\\/geschwisterbuechner.de\\\/\",\"name\":\"Neues aus Buechnerland\",\"description\":\"Peter Brunners Buechnerblog\",\"publisher\":{\"@id\":\"https:\\\/\\\/geschwisterbuechner.de\\\/#\\\/schema\\\/person\\\/ec81f262408192ea04c51ee9c89d48d9\"},\"potentialAction\":[{\"@type\":\"SearchAction\",\"target\":{\"@type\":\"EntryPoint\",\"urlTemplate\":\"https:\\\/\\\/geschwisterbuechner.de\\\/?s={search_term_string}\"},\"query-input\":{\"@type\":\"PropertyValueSpecification\",\"valueRequired\":true,\"valueName\":\"search_term_string\"}}],\"inLanguage\":\"de\"},{\"@type\":[\"Person\",\"Organization\"],\"@id\":\"https:\\\/\\\/geschwisterbuechner.de\\\/#\\\/schema\\\/person\\\/ec81f262408192ea04c51ee9c89d48d9\",\"name\":\"peter brunner\",\"image\":{\"@type\":\"ImageObject\",\"inLanguage\":\"de\",\"@id\":\"https:\\\/\\\/secure.gravatar.com\\\/avatar\\\/b6195224d15188d95b27ef2d5a30de7ec9d4b75805cd922fc20b18ef8165d1e4?s=96&d=mm&r=g\",\"url\":\"https:\\\/\\\/secure.gravatar.com\\\/avatar\\\/b6195224d15188d95b27ef2d5a30de7ec9d4b75805cd922fc20b18ef8165d1e4?s=96&d=mm&r=g\",\"contentUrl\":\"https:\\\/\\\/secure.gravatar.com\\\/avatar\\\/b6195224d15188d95b27ef2d5a30de7ec9d4b75805cd922fc20b18ef8165d1e4?s=96&d=mm&r=g\",\"caption\":\"peter brunner\"},\"logo\":{\"@id\":\"https:\\\/\\\/secure.gravatar.com\\\/avatar\\\/b6195224d15188d95b27ef2d5a30de7ec9d4b75805cd922fc20b18ef8165d1e4?s=96&d=mm&r=g\"},\"url\":\"https:\\\/\\\/geschwisterbuechner.de\\\/?author=379\"}]}<\/script>\n<!-- \/ Yoast SEO plugin. -->","yoast_head_json":{"title":"Die Veranstaltungen im vierten Quartal 2019 - Neues aus Buechnerland","robots":{"index":"index","follow":"follow","max-snippet":"max-snippet:-1","max-image-preview":"max-image-preview:large","max-video-preview":"max-video-preview:-1"},"canonical":"https:\/\/geschwisterbuechner.de\/?p=4230","og_locale":"de_DE","og_type":"article","og_title":"Die Veranstaltungen im vierten Quartal 2019 - Neues aus Buechnerland","og_description":"B\u00fcchnerhaus Riedstadt: Die Veranstaltungen im vierten Quartal 2019","og_url":"https:\/\/geschwisterbuechner.de\/?p=4230","og_site_name":"Neues aus Buechnerland","article_published_time":"2019-10-11T12:52:54+00:00","article_modified_time":"2019-10-18T12:57:47+00:00","og_image":[{"url":"https:\/\/geschwisterbuechner.de\/wp-content\/uploads\/2016\/02\/PB_Portrait-150x150.jpg","type":"","width":"","height":""}],"author":"peter brunner","twitter_card":"summary_large_image","twitter_creator":"@s_p_brunner","twitter_site":"@s_p_brunner","twitter_misc":{"Verfasst von":"peter brunner","Gesch\u00e4tzte Lesezeit":"4\u00a0Minuten"},"schema":{"@context":"https:\/\/schema.org","@graph":[{"@type":"Article","@id":"https:\/\/geschwisterbuechner.de\/?p=4230#article","isPartOf":{"@id":"https:\/\/geschwisterbuechner.de\/?p=4230"},"author":{"name":"peter brunner","@id":"https:\/\/geschwisterbuechner.de\/#\/schema\/person\/ec81f262408192ea04c51ee9c89d48d9"},"headline":"Die Veranstaltungen im vierten Quartal 2019","datePublished":"2019-10-11T12:52:54+00:00","dateModified":"2019-10-18T12:57:47+00:00","mainEntityOfPage":{"@id":"https:\/\/geschwisterbuechner.de\/?p=4230"},"wordCount":754,"commentCount":0,"publisher":{"@id":"https:\/\/geschwisterbuechner.de\/#\/schema\/person\/ec81f262408192ea04c51ee9c89d48d9"},"image":{"@id":"https:\/\/geschwisterbuechner.de\/?p=4230#primaryimage"},"thumbnailUrl":"https:\/\/geschwisterbuechner.de\/wp-content\/uploads\/2016\/02\/PB_Portrait-150x150.jpg","keywords":["B\u00fcchnerb\u00fchne","B\u00fcchnnerhaus","veranstaltungen"],"articleSection":["B\u00fcchnerhaus","Geschichte","Goddelau","Texte","Theater","Veranstaltung","Volksbildung"],"inLanguage":"de","potentialAction":[{"@type":"CommentAction","name":"Comment","target":["https:\/\/geschwisterbuechner.de\/?p=4230#respond"]}]},{"@type":"WebPage","@id":"https:\/\/geschwisterbuechner.de\/?p=4230","url":"https:\/\/geschwisterbuechner.de\/?p=4230","name":"Die Veranstaltungen im vierten Quartal 2019 - Neues aus Buechnerland","isPartOf":{"@id":"https:\/\/geschwisterbuechner.de\/#website"},"primaryImageOfPage":{"@id":"https:\/\/geschwisterbuechner.de\/?p=4230#primaryimage"},"image":{"@id":"https:\/\/geschwisterbuechner.de\/?p=4230#primaryimage"},"thumbnailUrl":"https:\/\/geschwisterbuechner.de\/wp-content\/uploads\/2016\/02\/PB_Portrait-150x150.jpg","datePublished":"2019-10-11T12:52:54+00:00","dateModified":"2019-10-18T12:57:47+00:00","breadcrumb":{"@id":"https:\/\/geschwisterbuechner.de\/?p=4230#breadcrumb"},"inLanguage":"de","potentialAction":[{"@type":"ReadAction","target":["https:\/\/geschwisterbuechner.de\/?p=4230"]}]},{"@type":"ImageObject","inLanguage":"de","@id":"https:\/\/geschwisterbuechner.de\/?p=4230#primaryimage","url":"https:\/\/geschwisterbuechner.de\/wp-content\/uploads\/2016\/02\/PB_Portrait.jpg","contentUrl":"https:\/\/geschwisterbuechner.de\/wp-content\/uploads\/2016\/02\/PB_Portrait.jpg","width":385,"height":492,"caption":"Peter Brunner"},{"@type":"BreadcrumbList","@id":"https:\/\/geschwisterbuechner.de\/?p=4230#breadcrumb","itemListElement":[{"@type":"ListItem","position":1,"name":"Startseite","item":"https:\/\/geschwisterbuechner.de\/"},{"@type":"ListItem","position":2,"name":"Die Veranstaltungen im vierten Quartal 2019"}]},{"@type":"WebSite","@id":"https:\/\/geschwisterbuechner.de\/#website","url":"https:\/\/geschwisterbuechner.de\/","name":"Neues aus Buechnerland","description":"Peter Brunners Buechnerblog","publisher":{"@id":"https:\/\/geschwisterbuechner.de\/#\/schema\/person\/ec81f262408192ea04c51ee9c89d48d9"},"potentialAction":[{"@type":"SearchAction","target":{"@type":"EntryPoint","urlTemplate":"https:\/\/geschwisterbuechner.de\/?s={search_term_string}"},"query-input":{"@type":"PropertyValueSpecification","valueRequired":true,"valueName":"search_term_string"}}],"inLanguage":"de"},{"@type":["Person","Organization"],"@id":"https:\/\/geschwisterbuechner.de\/#\/schema\/person\/ec81f262408192ea04c51ee9c89d48d9","name":"peter brunner","image":{"@type":"ImageObject","inLanguage":"de","@id":"https:\/\/secure.gravatar.com\/avatar\/b6195224d15188d95b27ef2d5a30de7ec9d4b75805cd922fc20b18ef8165d1e4?s=96&d=mm&r=g","url":"https:\/\/secure.gravatar.com\/avatar\/b6195224d15188d95b27ef2d5a30de7ec9d4b75805cd922fc20b18ef8165d1e4?s=96&d=mm&r=g","contentUrl":"https:\/\/secure.gravatar.com\/avatar\/b6195224d15188d95b27ef2d5a30de7ec9d4b75805cd922fc20b18ef8165d1e4?s=96&d=mm&r=g","caption":"peter brunner"},"logo":{"@id":"https:\/\/secure.gravatar.com\/avatar\/b6195224d15188d95b27ef2d5a30de7ec9d4b75805cd922fc20b18ef8165d1e4?s=96&d=mm&r=g"},"url":"https:\/\/geschwisterbuechner.de\/?author=379"}]}},"_links":{"self":[{"href":"https:\/\/geschwisterbuechner.de\/index.php?rest_route=\/wp\/v2\/posts\/4230","targetHints":{"allow":["GET"]}}],"collection":[{"href":"https:\/\/geschwisterbuechner.de\/index.php?rest_route=\/wp\/v2\/posts"}],"about":[{"href":"https:\/\/geschwisterbuechner.de\/index.php?rest_route=\/wp\/v2\/types\/post"}],"author":[{"embeddable":true,"href":"https:\/\/geschwisterbuechner.de\/index.php?rest_route=\/wp\/v2\/users\/379"}],"replies":[{"embeddable":true,"href":"https:\/\/geschwisterbuechner.de\/index.php?rest_route=%2Fwp%2Fv2%2Fcomments&post=4230"}],"version-history":[{"count":10,"href":"https:\/\/geschwisterbuechner.de\/index.php?rest_route=\/wp\/v2\/posts\/4230\/revisions"}],"predecessor-version":[{"id":4241,"href":"https:\/\/geschwisterbuechner.de\/index.php?rest_route=\/wp\/v2\/posts\/4230\/revisions\/4241"}],"wp:attachment":[{"href":"https:\/\/geschwisterbuechner.de\/index.php?rest_route=%2Fwp%2Fv2%2Fmedia&parent=4230"}],"wp:term":[{"taxonomy":"category","embeddable":true,"href":"https:\/\/geschwisterbuechner.de\/index.php?rest_route=%2Fwp%2Fv2%2Fcategories&post=4230"},{"taxonomy":"post_tag","embeddable":true,"href":"https:\/\/geschwisterbuechner.de\/index.php?rest_route=%2Fwp%2Fv2%2Ftags&post=4230"}],"curies":[{"name":"wp","href":"https:\/\/api.w.org\/{rel}","templated":true}]}}