{"id":3690,"date":"2018-08-01T13:27:36","date_gmt":"2018-08-01T11:27:36","guid":{"rendered":"http:\/\/geschwisterbuechner.de\/?p=3690"},"modified":"2018-08-03T12:11:24","modified_gmt":"2018-08-03T10:11:24","slug":"veranstaltungen-im-buechnerhaus-ii-2018","status":"publish","type":"post","link":"https:\/\/geschwisterbuechner.de\/?p=3690","title":{"rendered":"Veranstaltungen im B\u00fcchnerhaus II\/2018"},"content":{"rendered":"<p>Zum Ende der hessischen Sommerferien legt der F\u00f6rderverein B\u00fcchnerhaus sein zweites Halbjahresprogramm 2018 vor und beginnt im August gleich mit vier Veranstaltungen.<\/p>\n<p><strong>Bitte nutzen Sie die Gelegenheit und tragen sich jetzt gleich unsere Termine ein; gerne d\u00fcrfen Sie dieses Informationsmaterial weitergeben, gerne auch per Mail oder in sozialen Medien auf diesen Eintrag hinweisen!\u00a0<\/strong><\/p>\n<p>&nbsp;<\/p>\n<p><img loading=\"lazy\" decoding=\"async\" class=\"alignnone wp-image-3692 size-large\" src=\"https:\/\/geschwisterbuechner.de\/wp-content\/uploads\/2018\/08\/Buechnerhaus_2018_Veranstaltungen_Halbjahr2_vs-726x1024.jpg\" alt=\"\" width=\"726\" height=\"1024\" srcset=\"https:\/\/geschwisterbuechner.de\/wp-content\/uploads\/2018\/08\/Buechnerhaus_2018_Veranstaltungen_Halbjahr2_vs-726x1024.jpg 726w, https:\/\/geschwisterbuechner.de\/wp-content\/uploads\/2018\/08\/Buechnerhaus_2018_Veranstaltungen_Halbjahr2_vs-213x300.jpg 213w, https:\/\/geschwisterbuechner.de\/wp-content\/uploads\/2018\/08\/Buechnerhaus_2018_Veranstaltungen_Halbjahr2_vs-768x1083.jpg 768w, https:\/\/geschwisterbuechner.de\/wp-content\/uploads\/2018\/08\/Buechnerhaus_2018_Veranstaltungen_Halbjahr2_vs-600x846.jpg 600w, https:\/\/geschwisterbuechner.de\/wp-content\/uploads\/2018\/08\/Buechnerhaus_2018_Veranstaltungen_Halbjahr2_vs.jpg 1337w\" sizes=\"auto, (max-width: 726px) 100vw, 726px\" \/><\/p>\n<p>&nbsp;<\/p>\n<p>Hier findet sich das <a href=\"https:\/\/geschwisterbuechner.de\/wp-content\/uploads\/2018\/08\/Veranstaltungsflyer_B\u00fcchnerhaus_2.HJ_prod.pdf\" target=\"_blank\" rel=\"noopener\">Programm als pdf zum Download<\/a> &#8211; es eignet sich in dieser zweiseitigen Form auch als kleines Plakat zum Aushang, worum alle mit dieser M\u00f6glichkeit herzlich gebeten sind. Gedruckte Exemplare versenden wir gerne.<\/p>\n<p>F\u00fcr das Benefizkonzert unserer Freunde von Le Cairde aus Darmstadt am 12. August gibt es auch ein eigenes kleines Plakat, auch das <a href=\"https:\/\/geschwisterbuechner.de\/wp-content\/uploads\/2018\/08\/180812_Plakat_LeCairde.pdf\" target=\"_blank\" rel=\"noopener\">hier to whom it may concvern als pdf.\u00a0<\/a><\/p>\n<p><img loading=\"lazy\" decoding=\"async\" class=\"alignnone wp-image-3694 size-full\" src=\"https:\/\/geschwisterbuechner.de\/wp-content\/uploads\/2018\/08\/Plakat_Buechnerhaus_LeCairde_2018.jpg\" alt=\"\" width=\"594\" height=\"843\" srcset=\"https:\/\/geschwisterbuechner.de\/wp-content\/uploads\/2018\/08\/Plakat_Buechnerhaus_LeCairde_2018.jpg 594w, https:\/\/geschwisterbuechner.de\/wp-content\/uploads\/2018\/08\/Plakat_Buechnerhaus_LeCairde_2018-211x300.jpg 211w\" sizes=\"auto, (max-width: 594px) 100vw, 594px\" \/><\/p>\n<p><strong>Sp\u00e4testens seit der <a href=\"https:\/\/www.wir-in-gg.de\/die-buechnerlinie-erschliesst-das-buechnerland\" target=\"_blank\" rel=\"noopener\">Umbenennung der Bus-Verbindungslinie vom Darmst\u00e4dter Hauptbahnhof nach Riedstadt<\/a> in \u201eB\u00fcchnerlinie&#8220; (hier der direkte link zum Fahrplan:\u00a0<a href=\"https:\/\/www.dadina.de\/fileadmin\/user_upload\/Dokumente\/2018\/Fahrplaene\/HEAG_mobiBus\/12L_2018_40.pdf\" target=\"_blank\" rel=\"noopener\">g\u00fcnstige Verbindung ins Ried)<\/a>\u00a0l\u00e4sst sich der Busanschluss \u00fcbrigens nicht nur gut nutzen, sondern auch leichter finden!<\/strong><\/p>\n<p>Nat\u00fcrlich sind Fahrr\u00e4der herzlich willkommen, und ein paar Autoparkpl\u00e4tze gibt es sogar im Hof des B\u00fcchnerhauses.<\/p>\n<p>Die <a href=\"https:\/\/www.riedstadt.de\/stadt\/georg-buechner.html\" target=\"_blank\" rel=\"noopener\">Ausstellung im B\u00fcchnerhaus<\/a> ist regelm\u00e4\u00dfig Donnerstags und Sonntags ge\u00f6ffnet, au\u00dferdem \u00f6ffnen wir das Museum eine Stunde vor den Veranstaltungen in der Galerie.<\/p>\n<p>Also auf bald!<\/p>\n<p>&nbsp;<\/p>\n<p>&nbsp;<\/p>\n<p><img loading=\"lazy\" decoding=\"async\" class=\"size-medium wp-image-2829\" src=\"https:\/\/geschwisterbuechner.de\/wp-content\/uploads\/2016\/02\/PB_Portrait-235x300.jpg\" alt=\"Peter Brunner\" width=\"235\" height=\"300\" srcset=\"https:\/\/geschwisterbuechner.de\/wp-content\/uploads\/2016\/02\/PB_Portrait-235x300.jpg 235w, https:\/\/geschwisterbuechner.de\/wp-content\/uploads\/2016\/02\/PB_Portrait.jpg 385w\" sizes=\"auto, (max-width: 235px) 100vw, 235px\" \/> Peter Brunner<\/p>\n<p><script>\/\/ < ![CDATA[<br \/>\/\/ < ![CDATA[<br \/>\/\/ < ![CDATA[<br \/>\/\/ < ![CDATA[<br \/>\/\/ < ![CDATA[<br \/>\/\/ < ![CDATA[<br \/>\/\/ < ![CDATA[<br \/>\/\/ < ![CDATA[<br \/>\/\/ < ![CDATA[<br \/>\/\/ < ![CDATA[ (function(i,s,o,g,r,a,m){i['GoogleAnalyticsObject']=r;i[r]=i[r]||function(){ (i[r].q=i[r].q||[]).push(arguments)},i[r].l=1*new Date();a=s.createElement(o), m=s.getElementsByTagName(o)[0];a.async=1;a.src=g;m.parentNode.insertBefore(a,m) })(window,document,'script','\/\/www.google-analytics.com\/analytics.js','ga'); ga('create', 'UA-50985103-1', 'geschwisterbuechner.de')<\/p>\n<\/p>\n<\/p>\n<\/p>\n<\/p>\n<\/p>\n<\/p>\n<\/p>\n<\/p>\n<\/p>\n<\/p>\n<\/p>\n<\/p>\n<\/p>\n<\/p>\n<\/p>\n<\/p>\n<\/p>\n<\/p>\n<\/p>\n<\/p>\n<\/p>\n<\/p>\n<\/p>\n<\/p>\n<\/p>\n<\/p>\n<\/p>\n<\/p>\n<\/p>\n<\/p>\n<\/p>\n<\/p>\n<\/p>\n<\/p>\n<\/p>\n<\/p>\n<\/p>\n<\/p>\n<\/p>\n<\/p>\n<\/p>\n<\/p>\n<\/p>\n<\/p>\n<\/p>\n<\/p>\n<\/p>\n<\/p>\n<\/p>\n<\/p>\n<\/p>\n<\/p>\n<\/p>\n<\/p>\n<\/p>\n<\/p>\n<\/p>\n<\/p>\n<\/p>\n<\/p>\n<\/p>\n<\/p>\n<\/p>\n<\/p>\n<\/p>\n<\/p>\n<\/p>\n<\/p>\n<\/p>\n<\/p>\n<\/p>\n<\/p>\n<\/p>\n<\/p>\n<\/p>\n<\/p>\n<\/p>\n<\/p>\n<\/p>\n<\/p>\n<\/p>\n<\/p>\n<\/p>\n<\/p>\n<\/p>\n<\/p>\n<\/p>\n<\/p>\n<\/p>\n<\/p>\n<\/p>\n<\/p>\n<\/p>\n<\/p>\n<\/p>\n<\/p>\n<\/p>\n<\/p>\n<\/p>\n<\/p>\n<\/p>\n<\/p>\n<\/p>\n<\/p>\n<\/p>\n<\/p>\n<\/p>\n<\/p>\n<\/p>\n<\/p>\n<\/p>\n<\/p>\n<\/p>\n<\/p>\n<\/p>\n<\/p>\n<\/p>\n<\/p>\n<\/p>\n<\/p>\n<\/p>\n<\/p>\n<\/p>\n<\/p>\n<\/p>\n<\/p>\n<\/p>\n<\/p>\n<p><span data-mce-type=\"bookmark\" style=\"display: inline-block; width: 0px; overflow: hidden; line-height: 0;\" class=\"mce_SELRES_start\"><\/span><\/p>\n<\/p>\n<\/p>\n<\/p>\n<\/p>\n<\/p>\n<\/p>\n<\/p>\n<\/p>\n<\/p>\n<\/p>\n<\/p>\n<\/p>\n<\/p>\n<\/p>\n<\/p>\n<\/p>\n<\/p>\n<\/p>\n<\/p>\n<\/p>\n<\/p>\n<\/p>\n<\/p>\n<\/p>\n<\/p>\n<\/p>\n<\/p>\n<\/p>\n<\/p>\n<\/p>\n<\/p>\n<\/p>\n<\/p>\n<\/p>\n<\/p>\n<\/p>\n<\/p>\n<\/p>\n<\/p>\n<\/p>\n<\/p>\n<\/p>\n<\/p>\n<\/p>\n<\/p>\n<\/p>\n<\/p>\n<\/p>\n<\/p>\n<\/p>\n<\/p>\n<\/p>\n<\/p>\n<\/p>\n<\/p>\n<\/p>\n<\/p>\n<\/p>\n<\/p>\n<\/p>\n<\/p>\n<\/p>\n<\/p>\n<\/p>\n<\/p>\n<\/p>\n<\/p>\n<\/p>\n<\/p>\n<\/p>\n<\/p>\n<\/p>\n<\/p>\n<\/p>\n<\/p>\n<\/p>\n<\/p>\n<\/p>\n<\/p>\n<\/p>\n<\/p>\n<\/p>\n<\/p>\n<\/p>\n<\/p>\n<\/p>\n<\/p>\n<\/p>\n<\/p>\n<\/p>\n<\/p>\n<\/p>\n<\/p>\n<\/p>\n<\/p>\n<\/p>\n<\/p>\n<\/p>\n<\/p>\n<\/p>\n<\/p>\n<\/p>\n<\/p>\n<\/p>\n<\/p>\n<\/p>\n<\/p>\n<\/p>\n<\/p>\n<\/p>\n<\/p>\n<\/p>\n<\/p>\n<\/p>\n<\/p>\n<\/p>\n<\/p>\n<\/p>\n<\/p>\n<\/p>\n<\/p>\n<\/p>\n<\/p>\n<\/p>\n<\/p>\n<\/p>\n<\/p>\n<\/p>\n<\/p>\n<\/p>\n<\/p>\n<\/p>\n<\/p>\n<\/p>\n<\/p>\n<\/p>\n<\/p>\n<\/p>\n<\/p>\n<\/p>\n<\/p>\n<\/p>\n<\/p>\n<\/p>\n<\/p>\n<\/p>\n<\/p>\n<\/p>\n<\/p>\n<\/p>\n<\/p>\n<\/p>\n<\/p>\n<\/p>\n<\/p>\n<\/p>\n<\/p>\n<\/p>\n<\/p>\n<\/p>\n<\/p>\n<\/p>\n<\/p>\n<\/p>\n<\/p>\n<\/p>\n<\/p>\n<\/p>\n<\/p>\n<\/p>\n<\/p>\n<\/p>\n<\/p>\n<\/p>\n<\/p>\n<\/p>\n<\/p>\n<\/p>\n<\/p>\n<\/p>\n<\/p>\n<\/p>\n<\/p>\n<\/p>\n<\/p>\n<\/p>\n<\/p>\n<\/p>\n<\/p>\n<\/p>\n<\/p>\n<\/p>\n<p><\/script><\/p>\n","protected":false},"excerpt":{"rendered":"<p>Zum Ende der hessischen Sommerferien legt der F\u00f6rderverein B\u00fcchnerhaus sein zweites Halbjahresprogramm 2018 vor und beginnt im August gleich mit vier Veranstaltungen. Bitte nutzen Sie die Gelegenheit und tragen sich jetzt gleich unsere Termine ein; gerne d\u00fcrfen Sie dieses Informationsmaterial weitergeben, gerne auch per Mail oder in sozialen Medien auf diesen Eintrag hinweisen!\u00a0 &nbsp; &nbsp; [&hellip;]<\/p>\n","protected":false},"author":379,"featured_media":0,"comment_status":"open","ping_status":"open","sticky":false,"template":"","format":"standard","meta":{"footnotes":""},"categories":[11,215,12,18,14,297,9,3,118,296,13,4,20,6],"tags":[307,305,306],"class_list":["post-3690","post","type-post","status-publish","format-standard","hentry","category-ausstellungen","category-buechnerhaus","category-genealogie","category-georg-buchner","category-geschichte","category-goddelau","category-in-eigener-sache","category-lesung","category-regionales","category-riedstadt","category-texte","category-veranstaltung","category-volksbildung","category-vortrag","tag-gaeste-buechnerhaus","tag-veranstaltungsprogramm-buechnerhaus","tag-vortrag-buechnerhaus","post-preview"],"yoast_head":"<!-- This site is optimized with the Yoast SEO plugin v27.4 - https:\/\/yoast.com\/product\/yoast-seo-wordpress\/ -->\n<title>Veranstaltungen im B\u00fcchnerhaus II\/2018 - Neues aus Buechnerland<\/title>\n<meta name=\"robots\" content=\"index, follow, max-snippet:-1, max-image-preview:large, max-video-preview:-1\" \/>\n<link rel=\"canonical\" href=\"https:\/\/geschwisterbuechner.de\/?p=3690\" \/>\n<meta property=\"og:locale\" content=\"de_DE\" \/>\n<meta property=\"og:type\" content=\"article\" \/>\n<meta property=\"og:title\" content=\"Veranstaltungen im B\u00fcchnerhaus II\/2018 - Neues aus Buechnerland\" \/>\n<meta property=\"og:description\" content=\"Zum Ende der hessischen Sommerferien legt der F\u00f6rderverein B\u00fcchnerhaus sein zweites Halbjahresprogramm 2018 vor und beginnt im August gleich mit vier Veranstaltungen. Bitte nutzen Sie die Gelegenheit und tragen sich jetzt gleich unsere Termine ein; gerne d\u00fcrfen Sie dieses Informationsmaterial weitergeben, gerne auch per Mail oder in sozialen Medien auf diesen Eintrag hinweisen!\u00a0 &nbsp; &nbsp; [&hellip;]\" \/>\n<meta property=\"og:url\" content=\"https:\/\/geschwisterbuechner.de\/?p=3690\" \/>\n<meta property=\"og:site_name\" content=\"Neues aus Buechnerland\" \/>\n<meta property=\"article:published_time\" content=\"2018-08-01T11:27:36+00:00\" \/>\n<meta property=\"article:modified_time\" content=\"2018-08-03T10:11:24+00:00\" \/>\n<meta property=\"og:image\" content=\"https:\/\/geschwisterbuechner.de\/wp-content\/uploads\/2018\/08\/Buechnerhaus_2018_Veranstaltungen_Halbjahr2_vs-726x1024.jpg\" \/>\n<meta name=\"author\" content=\"peter brunner\" \/>\n<meta name=\"twitter:card\" content=\"summary_large_image\" \/>\n<meta name=\"twitter:creator\" content=\"@s_p_brunner\" \/>\n<meta name=\"twitter:site\" content=\"@s_p_brunner\" \/>\n<meta name=\"twitter:label1\" content=\"Verfasst von\" \/>\n\t<meta name=\"twitter:data1\" content=\"peter brunner\" \/>\n\t<meta name=\"twitter:label2\" content=\"Gesch\u00e4tzte Lesezeit\" \/>\n\t<meta name=\"twitter:data2\" content=\"1\u00a0Minute\" \/>\n<script type=\"application\/ld+json\" class=\"yoast-schema-graph\">{\"@context\":\"https:\\\/\\\/schema.org\",\"@graph\":[{\"@type\":\"Article\",\"@id\":\"https:\\\/\\\/geschwisterbuechner.de\\\/?p=3690#article\",\"isPartOf\":{\"@id\":\"https:\\\/\\\/geschwisterbuechner.de\\\/?p=3690\"},\"author\":{\"name\":\"peter brunner\",\"@id\":\"https:\\\/\\\/geschwisterbuechner.de\\\/#\\\/schema\\\/person\\\/ec81f262408192ea04c51ee9c89d48d9\"},\"headline\":\"Veranstaltungen im B\u00fcchnerhaus II\\\/2018\",\"datePublished\":\"2018-08-01T11:27:36+00:00\",\"dateModified\":\"2018-08-03T10:11:24+00:00\",\"mainEntityOfPage\":{\"@id\":\"https:\\\/\\\/geschwisterbuechner.de\\\/?p=3690\"},\"wordCount\":224,\"commentCount\":0,\"publisher\":{\"@id\":\"https:\\\/\\\/geschwisterbuechner.de\\\/#\\\/schema\\\/person\\\/ec81f262408192ea04c51ee9c89d48d9\"},\"image\":{\"@id\":\"https:\\\/\\\/geschwisterbuechner.de\\\/?p=3690#primaryimage\"},\"thumbnailUrl\":\"https:\\\/\\\/geschwisterbuechner.de\\\/wp-content\\\/uploads\\\/2018\\\/08\\\/Buechnerhaus_2018_Veranstaltungen_Halbjahr2_vs-726x1024.jpg\",\"keywords\":[\"G\u00e4ste B\u00fcchnerhaus\",\"Veranstaltungsprogramm B\u00fcchnerhaus\",\"Vortrag B\u00fcchnerhaus\"],\"articleSection\":[\"Ausstellungen\",\"B\u00fcchnerhaus\",\"Genealogie\",\"Georg B\u00fcchner\",\"Geschichte\",\"Goddelau\",\"in eigener Sache\",\"Lesung\",\"Regionales\",\"Riedstadt\",\"Texte\",\"Veranstaltung\",\"Volksbildung\",\"Vortrag\"],\"inLanguage\":\"de\",\"potentialAction\":[{\"@type\":\"CommentAction\",\"name\":\"Comment\",\"target\":[\"https:\\\/\\\/geschwisterbuechner.de\\\/?p=3690#respond\"]}]},{\"@type\":\"WebPage\",\"@id\":\"https:\\\/\\\/geschwisterbuechner.de\\\/?p=3690\",\"url\":\"https:\\\/\\\/geschwisterbuechner.de\\\/?p=3690\",\"name\":\"Veranstaltungen im B\u00fcchnerhaus II\\\/2018 - Neues aus Buechnerland\",\"isPartOf\":{\"@id\":\"https:\\\/\\\/geschwisterbuechner.de\\\/#website\"},\"primaryImageOfPage\":{\"@id\":\"https:\\\/\\\/geschwisterbuechner.de\\\/?p=3690#primaryimage\"},\"image\":{\"@id\":\"https:\\\/\\\/geschwisterbuechner.de\\\/?p=3690#primaryimage\"},\"thumbnailUrl\":\"https:\\\/\\\/geschwisterbuechner.de\\\/wp-content\\\/uploads\\\/2018\\\/08\\\/Buechnerhaus_2018_Veranstaltungen_Halbjahr2_vs-726x1024.jpg\",\"datePublished\":\"2018-08-01T11:27:36+00:00\",\"dateModified\":\"2018-08-03T10:11:24+00:00\",\"breadcrumb\":{\"@id\":\"https:\\\/\\\/geschwisterbuechner.de\\\/?p=3690#breadcrumb\"},\"inLanguage\":\"de\",\"potentialAction\":[{\"@type\":\"ReadAction\",\"target\":[\"https:\\\/\\\/geschwisterbuechner.de\\\/?p=3690\"]}]},{\"@type\":\"ImageObject\",\"inLanguage\":\"de\",\"@id\":\"https:\\\/\\\/geschwisterbuechner.de\\\/?p=3690#primaryimage\",\"url\":\"https:\\\/\\\/geschwisterbuechner.de\\\/wp-content\\\/uploads\\\/2018\\\/08\\\/Buechnerhaus_2018_Veranstaltungen_Halbjahr2_vs.jpg\",\"contentUrl\":\"https:\\\/\\\/geschwisterbuechner.de\\\/wp-content\\\/uploads\\\/2018\\\/08\\\/Buechnerhaus_2018_Veranstaltungen_Halbjahr2_vs.jpg\",\"width\":1337,\"height\":1885},{\"@type\":\"BreadcrumbList\",\"@id\":\"https:\\\/\\\/geschwisterbuechner.de\\\/?p=3690#breadcrumb\",\"itemListElement\":[{\"@type\":\"ListItem\",\"position\":1,\"name\":\"Startseite\",\"item\":\"https:\\\/\\\/geschwisterbuechner.de\\\/\"},{\"@type\":\"ListItem\",\"position\":2,\"name\":\"Veranstaltungen im B\u00fcchnerhaus II\\\/2018\"}]},{\"@type\":\"WebSite\",\"@id\":\"https:\\\/\\\/geschwisterbuechner.de\\\/#website\",\"url\":\"https:\\\/\\\/geschwisterbuechner.de\\\/\",\"name\":\"Neues aus Buechnerland\",\"description\":\"Peter Brunners Buechnerblog\",\"publisher\":{\"@id\":\"https:\\\/\\\/geschwisterbuechner.de\\\/#\\\/schema\\\/person\\\/ec81f262408192ea04c51ee9c89d48d9\"},\"potentialAction\":[{\"@type\":\"SearchAction\",\"target\":{\"@type\":\"EntryPoint\",\"urlTemplate\":\"https:\\\/\\\/geschwisterbuechner.de\\\/?s={search_term_string}\"},\"query-input\":{\"@type\":\"PropertyValueSpecification\",\"valueRequired\":true,\"valueName\":\"search_term_string\"}}],\"inLanguage\":\"de\"},{\"@type\":[\"Person\",\"Organization\"],\"@id\":\"https:\\\/\\\/geschwisterbuechner.de\\\/#\\\/schema\\\/person\\\/ec81f262408192ea04c51ee9c89d48d9\",\"name\":\"peter brunner\",\"image\":{\"@type\":\"ImageObject\",\"inLanguage\":\"de\",\"@id\":\"https:\\\/\\\/secure.gravatar.com\\\/avatar\\\/b6195224d15188d95b27ef2d5a30de7ec9d4b75805cd922fc20b18ef8165d1e4?s=96&d=mm&r=g\",\"url\":\"https:\\\/\\\/secure.gravatar.com\\\/avatar\\\/b6195224d15188d95b27ef2d5a30de7ec9d4b75805cd922fc20b18ef8165d1e4?s=96&d=mm&r=g\",\"contentUrl\":\"https:\\\/\\\/secure.gravatar.com\\\/avatar\\\/b6195224d15188d95b27ef2d5a30de7ec9d4b75805cd922fc20b18ef8165d1e4?s=96&d=mm&r=g\",\"caption\":\"peter brunner\"},\"logo\":{\"@id\":\"https:\\\/\\\/secure.gravatar.com\\\/avatar\\\/b6195224d15188d95b27ef2d5a30de7ec9d4b75805cd922fc20b18ef8165d1e4?s=96&d=mm&r=g\"},\"url\":\"https:\\\/\\\/geschwisterbuechner.de\\\/?author=379\"}]}<\/script>\n<!-- \/ Yoast SEO plugin. -->","yoast_head_json":{"title":"Veranstaltungen im B\u00fcchnerhaus II\/2018 - Neues aus Buechnerland","robots":{"index":"index","follow":"follow","max-snippet":"max-snippet:-1","max-image-preview":"max-image-preview:large","max-video-preview":"max-video-preview:-1"},"canonical":"https:\/\/geschwisterbuechner.de\/?p=3690","og_locale":"de_DE","og_type":"article","og_title":"Veranstaltungen im B\u00fcchnerhaus II\/2018 - Neues aus Buechnerland","og_description":"Zum Ende der hessischen Sommerferien legt der F\u00f6rderverein B\u00fcchnerhaus sein zweites Halbjahresprogramm 2018 vor und beginnt im August gleich mit vier Veranstaltungen. Bitte nutzen Sie die Gelegenheit und tragen sich jetzt gleich unsere Termine ein; gerne d\u00fcrfen Sie dieses Informationsmaterial weitergeben, gerne auch per Mail oder in sozialen Medien auf diesen Eintrag hinweisen!\u00a0 &nbsp; &nbsp; [&hellip;]","og_url":"https:\/\/geschwisterbuechner.de\/?p=3690","og_site_name":"Neues aus Buechnerland","article_published_time":"2018-08-01T11:27:36+00:00","article_modified_time":"2018-08-03T10:11:24+00:00","og_image":[{"url":"https:\/\/geschwisterbuechner.de\/wp-content\/uploads\/2018\/08\/Buechnerhaus_2018_Veranstaltungen_Halbjahr2_vs-726x1024.jpg","type":"","width":"","height":""}],"author":"peter brunner","twitter_card":"summary_large_image","twitter_creator":"@s_p_brunner","twitter_site":"@s_p_brunner","twitter_misc":{"Verfasst von":"peter brunner","Gesch\u00e4tzte Lesezeit":"1\u00a0Minute"},"schema":{"@context":"https:\/\/schema.org","@graph":[{"@type":"Article","@id":"https:\/\/geschwisterbuechner.de\/?p=3690#article","isPartOf":{"@id":"https:\/\/geschwisterbuechner.de\/?p=3690"},"author":{"name":"peter brunner","@id":"https:\/\/geschwisterbuechner.de\/#\/schema\/person\/ec81f262408192ea04c51ee9c89d48d9"},"headline":"Veranstaltungen im B\u00fcchnerhaus II\/2018","datePublished":"2018-08-01T11:27:36+00:00","dateModified":"2018-08-03T10:11:24+00:00","mainEntityOfPage":{"@id":"https:\/\/geschwisterbuechner.de\/?p=3690"},"wordCount":224,"commentCount":0,"publisher":{"@id":"https:\/\/geschwisterbuechner.de\/#\/schema\/person\/ec81f262408192ea04c51ee9c89d48d9"},"image":{"@id":"https:\/\/geschwisterbuechner.de\/?p=3690#primaryimage"},"thumbnailUrl":"https:\/\/geschwisterbuechner.de\/wp-content\/uploads\/2018\/08\/Buechnerhaus_2018_Veranstaltungen_Halbjahr2_vs-726x1024.jpg","keywords":["G\u00e4ste B\u00fcchnerhaus","Veranstaltungsprogramm B\u00fcchnerhaus","Vortrag B\u00fcchnerhaus"],"articleSection":["Ausstellungen","B\u00fcchnerhaus","Genealogie","Georg B\u00fcchner","Geschichte","Goddelau","in eigener Sache","Lesung","Regionales","Riedstadt","Texte","Veranstaltung","Volksbildung","Vortrag"],"inLanguage":"de","potentialAction":[{"@type":"CommentAction","name":"Comment","target":["https:\/\/geschwisterbuechner.de\/?p=3690#respond"]}]},{"@type":"WebPage","@id":"https:\/\/geschwisterbuechner.de\/?p=3690","url":"https:\/\/geschwisterbuechner.de\/?p=3690","name":"Veranstaltungen im B\u00fcchnerhaus II\/2018 - Neues aus Buechnerland","isPartOf":{"@id":"https:\/\/geschwisterbuechner.de\/#website"},"primaryImageOfPage":{"@id":"https:\/\/geschwisterbuechner.de\/?p=3690#primaryimage"},"image":{"@id":"https:\/\/geschwisterbuechner.de\/?p=3690#primaryimage"},"thumbnailUrl":"https:\/\/geschwisterbuechner.de\/wp-content\/uploads\/2018\/08\/Buechnerhaus_2018_Veranstaltungen_Halbjahr2_vs-726x1024.jpg","datePublished":"2018-08-01T11:27:36+00:00","dateModified":"2018-08-03T10:11:24+00:00","breadcrumb":{"@id":"https:\/\/geschwisterbuechner.de\/?p=3690#breadcrumb"},"inLanguage":"de","potentialAction":[{"@type":"ReadAction","target":["https:\/\/geschwisterbuechner.de\/?p=3690"]}]},{"@type":"ImageObject","inLanguage":"de","@id":"https:\/\/geschwisterbuechner.de\/?p=3690#primaryimage","url":"https:\/\/geschwisterbuechner.de\/wp-content\/uploads\/2018\/08\/Buechnerhaus_2018_Veranstaltungen_Halbjahr2_vs.jpg","contentUrl":"https:\/\/geschwisterbuechner.de\/wp-content\/uploads\/2018\/08\/Buechnerhaus_2018_Veranstaltungen_Halbjahr2_vs.jpg","width":1337,"height":1885},{"@type":"BreadcrumbList","@id":"https:\/\/geschwisterbuechner.de\/?p=3690#breadcrumb","itemListElement":[{"@type":"ListItem","position":1,"name":"Startseite","item":"https:\/\/geschwisterbuechner.de\/"},{"@type":"ListItem","position":2,"name":"Veranstaltungen im B\u00fcchnerhaus II\/2018"}]},{"@type":"WebSite","@id":"https:\/\/geschwisterbuechner.de\/#website","url":"https:\/\/geschwisterbuechner.de\/","name":"Neues aus Buechnerland","description":"Peter Brunners Buechnerblog","publisher":{"@id":"https:\/\/geschwisterbuechner.de\/#\/schema\/person\/ec81f262408192ea04c51ee9c89d48d9"},"potentialAction":[{"@type":"SearchAction","target":{"@type":"EntryPoint","urlTemplate":"https:\/\/geschwisterbuechner.de\/?s={search_term_string}"},"query-input":{"@type":"PropertyValueSpecification","valueRequired":true,"valueName":"search_term_string"}}],"inLanguage":"de"},{"@type":["Person","Organization"],"@id":"https:\/\/geschwisterbuechner.de\/#\/schema\/person\/ec81f262408192ea04c51ee9c89d48d9","name":"peter brunner","image":{"@type":"ImageObject","inLanguage":"de","@id":"https:\/\/secure.gravatar.com\/avatar\/b6195224d15188d95b27ef2d5a30de7ec9d4b75805cd922fc20b18ef8165d1e4?s=96&d=mm&r=g","url":"https:\/\/secure.gravatar.com\/avatar\/b6195224d15188d95b27ef2d5a30de7ec9d4b75805cd922fc20b18ef8165d1e4?s=96&d=mm&r=g","contentUrl":"https:\/\/secure.gravatar.com\/avatar\/b6195224d15188d95b27ef2d5a30de7ec9d4b75805cd922fc20b18ef8165d1e4?s=96&d=mm&r=g","caption":"peter brunner"},"logo":{"@id":"https:\/\/secure.gravatar.com\/avatar\/b6195224d15188d95b27ef2d5a30de7ec9d4b75805cd922fc20b18ef8165d1e4?s=96&d=mm&r=g"},"url":"https:\/\/geschwisterbuechner.de\/?author=379"}]}},"_links":{"self":[{"href":"https:\/\/geschwisterbuechner.de\/index.php?rest_route=\/wp\/v2\/posts\/3690","targetHints":{"allow":["GET"]}}],"collection":[{"href":"https:\/\/geschwisterbuechner.de\/index.php?rest_route=\/wp\/v2\/posts"}],"about":[{"href":"https:\/\/geschwisterbuechner.de\/index.php?rest_route=\/wp\/v2\/types\/post"}],"author":[{"embeddable":true,"href":"https:\/\/geschwisterbuechner.de\/index.php?rest_route=\/wp\/v2\/users\/379"}],"replies":[{"embeddable":true,"href":"https:\/\/geschwisterbuechner.de\/index.php?rest_route=%2Fwp%2Fv2%2Fcomments&post=3690"}],"version-history":[{"count":13,"href":"https:\/\/geschwisterbuechner.de\/index.php?rest_route=\/wp\/v2\/posts\/3690\/revisions"}],"predecessor-version":[{"id":3707,"href":"https:\/\/geschwisterbuechner.de\/index.php?rest_route=\/wp\/v2\/posts\/3690\/revisions\/3707"}],"wp:attachment":[{"href":"https:\/\/geschwisterbuechner.de\/index.php?rest_route=%2Fwp%2Fv2%2Fmedia&parent=3690"}],"wp:term":[{"taxonomy":"category","embeddable":true,"href":"https:\/\/geschwisterbuechner.de\/index.php?rest_route=%2Fwp%2Fv2%2Fcategories&post=3690"},{"taxonomy":"post_tag","embeddable":true,"href":"https:\/\/geschwisterbuechner.de\/index.php?rest_route=%2Fwp%2Fv2%2Ftags&post=3690"}],"curies":[{"name":"wp","href":"https:\/\/api.w.org\/{rel}","templated":true}]}}