{"id":3488,"date":"2018-01-26T12:23:15","date_gmt":"2018-01-26T10:23:15","guid":{"rendered":"http:\/\/geschwisterbuechner.de\/?p=3488"},"modified":"2018-01-26T12:23:15","modified_gmt":"2018-01-26T10:23:15","slug":"ich-mit-dir-ueber-dein-ferneres-gedeihen-der-zukunft-beruhigt-entgegen-sehen-darf","status":"publish","type":"post","link":"https:\/\/geschwisterbuechner.de\/?p=3488","title":{"rendered":"\u201e &#8230;ich mit dir \u00fcber dein ferneres Gedeihen der Zukunft beruhigt entgegen sehen darf\u201d*"},"content":{"rendered":"<p>F\u00fcr die Kreisvolkshochschule Gross-Gerau biete ich in den n\u00e4chsten Monaten, beginnend am 5. Februar,\u00a0 eine Reihe von Abendveranstatungen an, bei denen sich Interessierte in kommunikativer Runde mit Leben und Werk von Georg B\u00fcchner und seinen Geschwistern &#8211; der <strong>\u201efabelhaften B\u00fcchnerbande\u201d<\/strong> &#8230; &#8211; vertraut machen k\u00f6nnen.<\/p>\n<p>&nbsp;<\/p>\n<div id=\"attachment_3489\" style=\"width: 310px\" class=\"wp-caption alignnone\"><img loading=\"lazy\" decoding=\"async\" aria-describedby=\"caption-attachment-3489\" class=\"wp-image-3489 size-medium\" src=\"https:\/\/geschwisterbuechner.de\/wp-content\/uploads\/2018\/01\/20170330_Buechnerhaus_ErsterRaum_GemeinsamAnEinemTisch_spbrunner_007-300x225.jpg\" alt=\"\" width=\"300\" height=\"225\" srcset=\"https:\/\/geschwisterbuechner.de\/wp-content\/uploads\/2018\/01\/20170330_Buechnerhaus_ErsterRaum_GemeinsamAnEinemTisch_spbrunner_007-300x225.jpg 300w, https:\/\/geschwisterbuechner.de\/wp-content\/uploads\/2018\/01\/20170330_Buechnerhaus_ErsterRaum_GemeinsamAnEinemTisch_spbrunner_007-768x576.jpg 768w, https:\/\/geschwisterbuechner.de\/wp-content\/uploads\/2018\/01\/20170330_Buechnerhaus_ErsterRaum_GemeinsamAnEinemTisch_spbrunner_007-600x450.jpg 600w, https:\/\/geschwisterbuechner.de\/wp-content\/uploads\/2018\/01\/20170330_Buechnerhaus_ErsterRaum_GemeinsamAnEinemTisch_spbrunner_007.jpg 1000w\" sizes=\"auto, (max-width: 300px) 100vw, 300px\" \/><p id=\"caption-attachment-3489\" class=\"wp-caption-text\">Im B\u00fcchnerhaus<\/p><\/div>\n<p>\u201eGemeinsam an einem Tisch\u201d hei\u00dft die Installation im ersten Raum des <a href=\"https:\/\/www.riedstadt.de\/stadt\/georg-buechner.html\" target=\"_blank\" rel=\"noopener\">Goddelauer B\u00fcchnerhauses<\/a>, wo sinnbildlich auf den ungew\u00f6hnlich engen Zusammenhalt der B\u00fcchner-Geschwister hingewiesen wird. Der oft als streng beschriebene Vater Ernst B\u00fcchner war in Wahrheit ein ungew\u00f6hnlich interessierter und seinen Kindern zugewandter Vater, von dem \u00fcberliefert ist, dass er den t\u00e4glichen Austausch mit ihnen suchte und forderte.<\/p>\n<p>Mit jedem einzelen der Kinder hatte er Sorgen und M\u00fchen, die andere schon bei einem Kind weit \u00fcberfordert h\u00e4tten: nach Georgs dramatischer Verwicklung in die Landbotenverschw\u00f6rung, Flucht, Exil und fr\u00fchem Tod scheiterte der n\u00e4chste Sohn, Wilhelm, am Gymnasium und wurde sp\u00e4ter auch noch der Gie\u00dfener Universit\u00e4t verwiesen. Die beiden T\u00f6chter Mathilde und Luise blieben, eine Katastrophe f\u00fcr einen b\u00fcrgerlichen Vater des 19. Jahrhunderts, unverheiratet. Ob Luises Einsatz f\u00fcr Frauenrechte und M\u00e4dchenbildung, ihre Pubikationen und Vortr\u00e4ge ihn sp\u00e4ter daf\u00fcr entsch\u00e4digt haben, wissen wir nicht. Die j\u00fcngeren S\u00f6hne trieben 1848 Revolution in Gie\u00dfen (der Vater erkl\u00e4rt \u00f6ffentlich, entsprechende Ger\u00fcchte seien falsch und er werde Verleumder zum Duell fordern!), in die Auseinandersetzungen um das Ende der Paulskirchendemokratie an der Bergstra\u00dfe machte Alexander 1849 mit der Schwester Mathilde einen \u201ePfingstausflug\u201d, bei dem er verhaftet wird, Ludwig wurde f\u00fcr sein erstes Buch in T\u00fcbingen die Lehrerlaubnis entzogen, Alexander verlor als Verschw\u00f6rer den \u201eAccess\u201d als Jurist, er erhielt Berufsverbot. Ob und wie der Vater die sp\u00e4tere Prominenz seiner anstrengenden Kinder gesch\u00e4tzt hat, ob er stolz auf sie war &#8211; wir wissen es nicht. H\u00e4ufig gedeutet und meist als Zeichen von k\u00fchler Distanz (mi\u00df)verstanden ist der einzige * <a href=\"http:\/\/buechnerportal.de\/werke\/briefe\/18-dezember-1836-von-ernst-buechner-nach-zuerich\" target=\"_blank\" rel=\"noopener\">Brief an eines seiner Kinder, den wir kennen: der vom 18.12.1836 an Georg in Z\u00fcrich.\u00a0<\/a><\/p>\n<p>Ein neues Licht auf Leben und Pers\u00f6nlichkeit der Mutter Caroline (geb. Reuss) wirft ein Fund, \u00fcber den hier bei Gelegenheit (und nat\u00fcrlich bei den angek\u00fcndigten Treffen) ausf\u00fchrlicher zu berichten sein wird: der Sohn ihres Cousins Johann Bechtold, Carl, hat ein bisher v\u00f6llig unbekanntes, ausf\u00fchrliches Tagebuch hinterlassen, das eine Nachfahrin sorgf\u00e4ltig transkribiert und ediert hat. Carl war offenbar heilfroh, dass er, was wohl \u00fcberlegt worden war, die von ihm als hypochondrisch beschriebene Verwandte an Ernst B\u00fcchner los wurde &#8230;<\/p>\n<p>&nbsp;<\/p>\n<div id=\"attachment_3499\" style=\"width: 310px\" class=\"wp-caption alignnone\"><img loading=\"lazy\" decoding=\"async\" aria-describedby=\"caption-attachment-3499\" class=\"wp-image-3499 size-medium\" src=\"https:\/\/geschwisterbuechner.de\/wp-content\/uploads\/2018\/01\/IMG_20170908_105541-300x169.jpg\" alt=\"\" width=\"300\" height=\"169\" srcset=\"https:\/\/geschwisterbuechner.de\/wp-content\/uploads\/2018\/01\/IMG_20170908_105541-300x169.jpg 300w, https:\/\/geschwisterbuechner.de\/wp-content\/uploads\/2018\/01\/IMG_20170908_105541-768x432.jpg 768w, https:\/\/geschwisterbuechner.de\/wp-content\/uploads\/2018\/01\/IMG_20170908_105541-1024x576.jpg 1024w, https:\/\/geschwisterbuechner.de\/wp-content\/uploads\/2018\/01\/IMG_20170908_105541-600x338.jpg 600w\" sizes=\"auto, (max-width: 300px) 100vw, 300px\" \/><p id=\"caption-attachment-3499\" class=\"wp-caption-text\">Die Galerie am B\u00fcchnerhaus, der fr\u00fchere Kuhstall des Anwesens. Heute Veranstaltungsraum. Im ersten Stock Museums- und st\u00e4dtisches Kulturb\u00fcro.<\/p><\/div>\n<p>&nbsp;<\/p>\n<p>Ohne Frage sind die B\u00fcchners im 19. Jahrhundert ebenso au\u00dfergew\u00f6hnlich wie exemplarisch gewesen: au\u00dfergew\u00f6hnlich als ber\u00fchmte Geschwister, exemplarisch f\u00fcr die Themen, mit denen sie sich besch\u00e4ftigten. Kommunismus, Sozialismus und Materialismus, Frauenrechte und Industrie, soziales Engagement und liberale Politik, Literatur und Geschichte, Kommunal-, Landes- und Staatspolitik haben sie betrieben und beeinflusst. Karl Gutzkow nennt sie <strong>\u201e &#8230; von demselben g\u00f6ttlichen Feuer ergriffen\u201d. <\/strong>Bei den Treffen bietet sich daher neben der Bekanntschaft mit au\u00dfergew\u00f6hnlichen Hessen und ihrer pers\u00f6nlichen Geschichte auch ein besonderer Blick auf die Geschichte von Land und Leuten im 19. Jahrhundert. <strong><br \/>\n<\/strong><\/p>\n<p>Die Treffen finden in der Galerie am B\u00fcchnerhaus statt und bieten neben Information und Austausch auf Wunsch stets auch den Besuch des Museums als Erg\u00e4nzung.<a href=\"https:\/\/www.kvhsgg.de\/index.php?id=192&amp;kathaupt=11&amp;knr=Z-RI10241&amp;kursname=Vortragsreihe+Die+Buechners+Georg+Buechner&amp;katid=163\" target=\"_blank\" rel=\"noopener\"> Die Volkshochschule bittet um Anmeldung, am einfachsten hier via Internet.<\/a><\/p>\n<p>Im \u201eFlyer\u201d finden sich alle erforderlichen Informationen:<\/p>\n<p><a href=\"https:\/\/geschwisterbuechner.de\/wp-content\/uploads\/2018\/01\/Flyer_105x210_B\u00fcchner-Vortr\u00e4ge_final.pdf\" target=\"_blank\" rel=\"noopener\"><img loading=\"lazy\" decoding=\"async\" class=\"alignnone size-medium wp-image-3490\" src=\"https:\/\/geschwisterbuechner.de\/wp-content\/uploads\/2018\/01\/VHS_GG_GeschwisterBuechner_Flyer_rc-150x300.jpg\" alt=\"\" width=\"150\" height=\"300\" srcset=\"https:\/\/geschwisterbuechner.de\/wp-content\/uploads\/2018\/01\/VHS_GG_GeschwisterBuechner_Flyer_rc-150x300.jpg 150w, https:\/\/geschwisterbuechner.de\/wp-content\/uploads\/2018\/01\/VHS_GG_GeschwisterBuechner_Flyer_rc.jpg 397w\" sizes=\"auto, (max-width: 150px) 100vw, 150px\" \/><\/a> <a href=\"https:\/\/geschwisterbuechner.de\/wp-content\/uploads\/2018\/01\/Flyer_105x210_B\u00fcchner-Vortr\u00e4ge_final.pdf\" target=\"_blank\" rel=\"noopener\"><img loading=\"lazy\" decoding=\"async\" class=\"alignnone size-medium wp-image-3491\" src=\"https:\/\/geschwisterbuechner.de\/wp-content\/uploads\/2018\/01\/VHS_GG_GeschwisterBuechner_Flyer_vs-151x300.jpg\" alt=\"\" width=\"151\" height=\"300\" srcset=\"https:\/\/geschwisterbuechner.de\/wp-content\/uploads\/2018\/01\/VHS_GG_GeschwisterBuechner_Flyer_vs-151x300.jpg 151w, https:\/\/geschwisterbuechner.de\/wp-content\/uploads\/2018\/01\/VHS_GG_GeschwisterBuechner_Flyer_vs.jpg 400w\" sizes=\"auto, (max-width: 151px) 100vw, 151px\" \/><\/a><\/p>\n<p>&nbsp;<\/p>\n<p>&nbsp;<\/p>\n<p>&nbsp;<\/p>\n<p>&nbsp;<\/p>\n<p>&nbsp;<\/p>\n<p>&nbsp;<\/p>\n<p>von Peter Brunner<\/p>\n<p>&nbsp;<\/p>\n<div id=\"attachment_2829\" style=\"width: 245px\" class=\"wp-caption alignnone\"><img loading=\"lazy\" decoding=\"async\" aria-describedby=\"caption-attachment-2829\" class=\"size-medium wp-image-2829\" src=\"https:\/\/geschwisterbuechner.de\/wp-content\/uploads\/2016\/02\/PB_Portrait-235x300.jpg\" alt=\"Peter Brunner\" width=\"235\" height=\"300\" srcset=\"https:\/\/geschwisterbuechner.de\/wp-content\/uploads\/2016\/02\/PB_Portrait-235x300.jpg 235w, https:\/\/geschwisterbuechner.de\/wp-content\/uploads\/2016\/02\/PB_Portrait.jpg 385w\" sizes=\"auto, (max-width: 235px) 100vw, 235px\" \/><p id=\"caption-attachment-2829\" class=\"wp-caption-text\">Peter Brunner<\/p><\/div>\n<p><script>\/\/ < ![CDATA[\n\/\/ < ![CDATA[<br \/>\n\/\/ < ![CDATA[<br \/>\/\/ < ![CDATA[<br \/>\/\/ < ![CDATA[<br \/>\/\/ < ![CDATA[<br \/>\/\/ < ![CDATA[<br \/>\/\/ < ![CDATA[<br \/>\/\/ < ![CDATA[<br \/>\/\/ < ![CDATA[<br \/>\/\/ < ![CDATA[ (function(i,s,o,g,r,a,m){i['GoogleAnalyticsObject']=r;i[r]=i[r]||function(){ (i[r].q=i[r].q||[]).push(arguments)},i[r].l=1*new Date();a=s.createElement(o), m=s.getElementsByTagName(o)[0];a.async=1;a.src=g;m.parentNode.insertBefore(a,m) })(window,document,'script','\/\/www.google-analytics.com\/analytics.js','ga'); ga('create', 'UA-50985103-1', 'geschwisterbuechner.de')<\/p>\n<\/p>\n<\/p>\n<\/p>\n<\/p>\n<\/p>\n<\/p>\n<\/p>\n<\/p>\n<\/p>\n<\/p>\n<\/p>\n<\/p>\n<\/p>\n<\/p>\n<\/p>\n<\/p>\n<\/p>\n<\/p>\n<\/p>\n<\/p>\n<\/p>\n<\/p>\n<\/p>\n<\/p>\n<\/p>\n<\/p>\n<\/p>\n<\/p>\n<\/p>\n<\/p>\n<\/p>\n<\/p>\n<\/p>\n<\/p>\n<\/p>\n<\/p>\n<\/p>\n<\/p>\n<\/p>\n<\/p>\n<\/p>\n<\/p>\n<\/p>\n<\/p>\n<\/p>\n<\/p>\n<\/p>\n<\/p>\n<\/p>\n<\/p>\n<\/p>\n<\/p>\n<\/p>\n<\/p>\n<\/p>\n<\/p>\n<\/p>\n<\/p>\n<\/p>\n<\/p>\n<\/p>\n<\/p>\n<\/p>\n<\/p>\n<\/p>\n<\/p>\n<\/p>\n<\/p>\n<\/p>\n<\/p>\n<\/p>\n<\/p>\n<\/p>\n<\/p>\n<\/p>\n<\/p>\n<\/p>\n<\/p>\n<\/p>\n<\/p>\n<\/p>\n<\/p>\n<\/p>\n<\/p>\n<\/p>\n<\/p>\n<\/p>\n<\/p>\n<\/p>\n<\/p>\n<\/p>\n<\/p>\n<\/p>\n<\/p>\n<\/p>\n<\/p>\n<\/p>\n<\/p>\n<\/p>\n<\/p>\n<\/p>\n<\/p>\n<\/p>\n<\/p>\n<\/p>\n<\/p>\n<\/p>\n<\/p>\n<\/p>\n<\/p>\n<\/p>\n<\/p>\n<\/p>\n<\/p>\n<\/p>\n<\/p>\n<\/p>\n<\/p>\n<\/p>\n<\/p>\n<\/p>\n<\/p>\n<\/p>\n<\/p>\n<\/p>\n<\/p>\n<\/p>\n<\/p>\n<p>\n\/\/ ]]><\/p>\n<\/p>\n<\/p>\n<\/p>\n<\/p>\n<\/p>\n<\/p>\n<\/p>\n<\/p>\n<\/p>\n<\/p>\n<\/p>\n<\/p>\n<\/p>\n<\/p>\n<\/p>\n<\/p>\n<\/p>\n<\/p>\n<\/p>\n<\/p>\n<\/p>\n<\/p>\n<\/p>\n<\/p>\n<\/p>\n<\/p>\n<\/p>\n<\/p>\n<\/p>\n<\/p>\n<\/p>\n<\/p>\n<\/p>\n<\/p>\n<\/p>\n<\/p>\n<\/p>\n<\/p>\n<\/p>\n<\/p>\n<\/p>\n<\/p>\n<\/p>\n<\/p>\n<\/p>\n<\/p>\n<\/p>\n<\/p>\n<\/p>\n<\/p>\n<\/p>\n<\/p>\n<\/p>\n<\/p>\n<\/p>\n<\/p>\n<\/p>\n<\/p>\n<\/p>\n<\/p>\n<\/p>\n<\/p>\n<\/p>\n<\/p>\n<p><\/script><\/p>\n","protected":false},"excerpt":{"rendered":"<p>F\u00fcr die Kreisvolkshochschule Gross-Gerau biete ich in den n\u00e4chsten Monaten, beginnend am 5. Februar,\u00a0 eine Reihe von Abendveranstatungen an, bei denen sich Interessierte in kommunikativer Runde mit Leben und Werk von Georg B\u00fcchner und seinen Geschwistern &#8211; der \u201efabelhaften B\u00fcchnerbande\u201d &#8230; &#8211; vertraut machen k\u00f6nnen. &nbsp; \u201eGemeinsam an einem Tisch\u201d hei\u00dft die Installation im ersten [&hellip;]<\/p>\n","protected":false},"author":379,"featured_media":0,"comment_status":"open","ping_status":"open","sticky":false,"template":"","format":"standard","meta":{"footnotes":""},"categories":[17,22,215,26,12,18,14,10,5,27,118,4,6,28],"tags":[150,250,173,277,276,275],"class_list":["post-3488","post","type-post","status-publish","format-standard","hentry","category-alexander-buchner","category-buchner-jubilaen","category-buechnerhaus","category-feminismus","category-genealogie","category-georg-buchner","category-geschichte","category-ludwig-buchner","category-luise-buchner","category-mathilde-buechner","category-regionales","category-veranstaltung","category-vortrag","category-wilhelm-buechner","tag-buechnerland","tag-familie-buechner","tag-goddelau","tag-kurs","tag-volkshochschule","tag-weltveraenderer","post-preview"],"yoast_head":"<!-- This site is optimized with the Yoast SEO plugin v27.4 - https:\/\/yoast.com\/product\/yoast-seo-wordpress\/ -->\n<title>\u201e ...ich mit dir \u00fcber dein ferneres Gedeihen der Zukunft beruhigt entgegen sehen darf\u201d* - Neues aus Buechnerland<\/title>\n<meta name=\"robots\" content=\"index, follow, max-snippet:-1, max-image-preview:large, max-video-preview:-1\" \/>\n<link rel=\"canonical\" href=\"https:\/\/geschwisterbuechner.de\/?p=3488\" \/>\n<meta property=\"og:locale\" content=\"de_DE\" \/>\n<meta property=\"og:type\" content=\"article\" \/>\n<meta property=\"og:title\" content=\"\u201e ...ich mit dir \u00fcber dein ferneres Gedeihen der Zukunft beruhigt entgegen sehen darf\u201d* - Neues aus Buechnerland\" \/>\n<meta property=\"og:description\" content=\"F\u00fcr die Kreisvolkshochschule Gross-Gerau biete ich in den n\u00e4chsten Monaten, beginnend am 5. Februar,\u00a0 eine Reihe von Abendveranstatungen an, bei denen sich Interessierte in kommunikativer Runde mit Leben und Werk von Georg B\u00fcchner und seinen Geschwistern &#8211; der \u201efabelhaften B\u00fcchnerbande\u201d &#8230; &#8211; vertraut machen k\u00f6nnen. &nbsp; \u201eGemeinsam an einem Tisch\u201d hei\u00dft die Installation im ersten [&hellip;]\" \/>\n<meta property=\"og:url\" content=\"https:\/\/geschwisterbuechner.de\/?p=3488\" \/>\n<meta property=\"og:site_name\" content=\"Neues aus Buechnerland\" \/>\n<meta property=\"article:published_time\" content=\"2018-01-26T10:23:15+00:00\" \/>\n<meta property=\"og:image\" content=\"https:\/\/geschwisterbuechner.de\/wp-content\/uploads\/2018\/01\/20170330_Buechnerhaus_ErsterRaum_GemeinsamAnEinemTisch_spbrunner_007-300x225.jpg\" \/>\n<meta name=\"author\" content=\"peter brunner\" \/>\n<meta name=\"twitter:card\" content=\"summary_large_image\" \/>\n<meta name=\"twitter:creator\" content=\"@s_p_brunner\" \/>\n<meta name=\"twitter:site\" content=\"@s_p_brunner\" \/>\n<meta name=\"twitter:label1\" content=\"Verfasst von\" \/>\n\t<meta name=\"twitter:data1\" content=\"peter brunner\" \/>\n\t<meta name=\"twitter:label2\" content=\"Gesch\u00e4tzte Lesezeit\" \/>\n\t<meta name=\"twitter:data2\" content=\"3\u00a0Minuten\" \/>\n<script type=\"application\/ld+json\" class=\"yoast-schema-graph\">{\"@context\":\"https:\\\/\\\/schema.org\",\"@graph\":[{\"@type\":\"Article\",\"@id\":\"https:\\\/\\\/geschwisterbuechner.de\\\/?p=3488#article\",\"isPartOf\":{\"@id\":\"https:\\\/\\\/geschwisterbuechner.de\\\/?p=3488\"},\"author\":{\"name\":\"peter brunner\",\"@id\":\"https:\\\/\\\/geschwisterbuechner.de\\\/#\\\/schema\\\/person\\\/ec81f262408192ea04c51ee9c89d48d9\"},\"headline\":\"\u201e &#8230;ich mit dir \u00fcber dein ferneres Gedeihen der Zukunft beruhigt entgegen sehen darf\u201d*\",\"datePublished\":\"2018-01-26T10:23:15+00:00\",\"mainEntityOfPage\":{\"@id\":\"https:\\\/\\\/geschwisterbuechner.de\\\/?p=3488\"},\"wordCount\":647,\"commentCount\":0,\"publisher\":{\"@id\":\"https:\\\/\\\/geschwisterbuechner.de\\\/#\\\/schema\\\/person\\\/ec81f262408192ea04c51ee9c89d48d9\"},\"image\":{\"@id\":\"https:\\\/\\\/geschwisterbuechner.de\\\/?p=3488#primaryimage\"},\"thumbnailUrl\":\"https:\\\/\\\/geschwisterbuechner.de\\\/wp-content\\\/uploads\\\/2018\\\/01\\\/20170330_Buechnerhaus_ErsterRaum_GemeinsamAnEinemTisch_spbrunner_007-300x225.jpg\",\"keywords\":[\"B\u00fcchnerland\",\"Familie B\u00fcchner\",\"Goddelau\",\"Kurs\",\"Volkshochschule\",\"Weltver\u00e4nderer\"],\"articleSection\":[\"Alexander B\u00fcchner\",\"B\u00fcchner\",\"B\u00fcchnerhaus\",\"Feminismus\",\"Genealogie\",\"Georg B\u00fcchner\",\"Geschichte\",\"Ludwig B\u00fcchner\",\"Luise B\u00fcchner\",\"Mathilde B\u00fcchner\",\"Regionales\",\"Veranstaltung\",\"Vortrag\",\"Wilhelm B\u00fcchner\"],\"inLanguage\":\"de\",\"potentialAction\":[{\"@type\":\"CommentAction\",\"name\":\"Comment\",\"target\":[\"https:\\\/\\\/geschwisterbuechner.de\\\/?p=3488#respond\"]}]},{\"@type\":\"WebPage\",\"@id\":\"https:\\\/\\\/geschwisterbuechner.de\\\/?p=3488\",\"url\":\"https:\\\/\\\/geschwisterbuechner.de\\\/?p=3488\",\"name\":\"\u201e ...ich mit dir \u00fcber dein ferneres Gedeihen der Zukunft beruhigt entgegen sehen darf\u201d* - Neues aus Buechnerland\",\"isPartOf\":{\"@id\":\"https:\\\/\\\/geschwisterbuechner.de\\\/#website\"},\"primaryImageOfPage\":{\"@id\":\"https:\\\/\\\/geschwisterbuechner.de\\\/?p=3488#primaryimage\"},\"image\":{\"@id\":\"https:\\\/\\\/geschwisterbuechner.de\\\/?p=3488#primaryimage\"},\"thumbnailUrl\":\"https:\\\/\\\/geschwisterbuechner.de\\\/wp-content\\\/uploads\\\/2018\\\/01\\\/20170330_Buechnerhaus_ErsterRaum_GemeinsamAnEinemTisch_spbrunner_007-300x225.jpg\",\"datePublished\":\"2018-01-26T10:23:15+00:00\",\"breadcrumb\":{\"@id\":\"https:\\\/\\\/geschwisterbuechner.de\\\/?p=3488#breadcrumb\"},\"inLanguage\":\"de\",\"potentialAction\":[{\"@type\":\"ReadAction\",\"target\":[\"https:\\\/\\\/geschwisterbuechner.de\\\/?p=3488\"]}]},{\"@type\":\"ImageObject\",\"inLanguage\":\"de\",\"@id\":\"https:\\\/\\\/geschwisterbuechner.de\\\/?p=3488#primaryimage\",\"url\":\"https:\\\/\\\/geschwisterbuechner.de\\\/wp-content\\\/uploads\\\/2018\\\/01\\\/20170330_Buechnerhaus_ErsterRaum_GemeinsamAnEinemTisch_spbrunner_007.jpg\",\"contentUrl\":\"https:\\\/\\\/geschwisterbuechner.de\\\/wp-content\\\/uploads\\\/2018\\\/01\\\/20170330_Buechnerhaus_ErsterRaum_GemeinsamAnEinemTisch_spbrunner_007.jpg\",\"width\":1000,\"height\":750},{\"@type\":\"BreadcrumbList\",\"@id\":\"https:\\\/\\\/geschwisterbuechner.de\\\/?p=3488#breadcrumb\",\"itemListElement\":[{\"@type\":\"ListItem\",\"position\":1,\"name\":\"Startseite\",\"item\":\"https:\\\/\\\/geschwisterbuechner.de\\\/\"},{\"@type\":\"ListItem\",\"position\":2,\"name\":\"\u201e &#8230;ich mit dir \u00fcber dein ferneres Gedeihen der Zukunft beruhigt entgegen sehen darf\u201d*\"}]},{\"@type\":\"WebSite\",\"@id\":\"https:\\\/\\\/geschwisterbuechner.de\\\/#website\",\"url\":\"https:\\\/\\\/geschwisterbuechner.de\\\/\",\"name\":\"Neues aus Buechnerland\",\"description\":\"Peter Brunners Buechnerblog\",\"publisher\":{\"@id\":\"https:\\\/\\\/geschwisterbuechner.de\\\/#\\\/schema\\\/person\\\/ec81f262408192ea04c51ee9c89d48d9\"},\"potentialAction\":[{\"@type\":\"SearchAction\",\"target\":{\"@type\":\"EntryPoint\",\"urlTemplate\":\"https:\\\/\\\/geschwisterbuechner.de\\\/?s={search_term_string}\"},\"query-input\":{\"@type\":\"PropertyValueSpecification\",\"valueRequired\":true,\"valueName\":\"search_term_string\"}}],\"inLanguage\":\"de\"},{\"@type\":[\"Person\",\"Organization\"],\"@id\":\"https:\\\/\\\/geschwisterbuechner.de\\\/#\\\/schema\\\/person\\\/ec81f262408192ea04c51ee9c89d48d9\",\"name\":\"peter brunner\",\"image\":{\"@type\":\"ImageObject\",\"inLanguage\":\"de\",\"@id\":\"https:\\\/\\\/secure.gravatar.com\\\/avatar\\\/b6195224d15188d95b27ef2d5a30de7ec9d4b75805cd922fc20b18ef8165d1e4?s=96&d=mm&r=g\",\"url\":\"https:\\\/\\\/secure.gravatar.com\\\/avatar\\\/b6195224d15188d95b27ef2d5a30de7ec9d4b75805cd922fc20b18ef8165d1e4?s=96&d=mm&r=g\",\"contentUrl\":\"https:\\\/\\\/secure.gravatar.com\\\/avatar\\\/b6195224d15188d95b27ef2d5a30de7ec9d4b75805cd922fc20b18ef8165d1e4?s=96&d=mm&r=g\",\"caption\":\"peter brunner\"},\"logo\":{\"@id\":\"https:\\\/\\\/secure.gravatar.com\\\/avatar\\\/b6195224d15188d95b27ef2d5a30de7ec9d4b75805cd922fc20b18ef8165d1e4?s=96&d=mm&r=g\"},\"url\":\"https:\\\/\\\/geschwisterbuechner.de\\\/?author=379\"}]}<\/script>\n<!-- \/ Yoast SEO plugin. -->","yoast_head_json":{"title":"\u201e ...ich mit dir \u00fcber dein ferneres Gedeihen der Zukunft beruhigt entgegen sehen darf\u201d* - Neues aus Buechnerland","robots":{"index":"index","follow":"follow","max-snippet":"max-snippet:-1","max-image-preview":"max-image-preview:large","max-video-preview":"max-video-preview:-1"},"canonical":"https:\/\/geschwisterbuechner.de\/?p=3488","og_locale":"de_DE","og_type":"article","og_title":"\u201e ...ich mit dir \u00fcber dein ferneres Gedeihen der Zukunft beruhigt entgegen sehen darf\u201d* - Neues aus Buechnerland","og_description":"F\u00fcr die Kreisvolkshochschule Gross-Gerau biete ich in den n\u00e4chsten Monaten, beginnend am 5. Februar,\u00a0 eine Reihe von Abendveranstatungen an, bei denen sich Interessierte in kommunikativer Runde mit Leben und Werk von Georg B\u00fcchner und seinen Geschwistern &#8211; der \u201efabelhaften B\u00fcchnerbande\u201d &#8230; &#8211; vertraut machen k\u00f6nnen. &nbsp; \u201eGemeinsam an einem Tisch\u201d hei\u00dft die Installation im ersten [&hellip;]","og_url":"https:\/\/geschwisterbuechner.de\/?p=3488","og_site_name":"Neues aus Buechnerland","article_published_time":"2018-01-26T10:23:15+00:00","og_image":[{"url":"https:\/\/geschwisterbuechner.de\/wp-content\/uploads\/2018\/01\/20170330_Buechnerhaus_ErsterRaum_GemeinsamAnEinemTisch_spbrunner_007-300x225.jpg","type":"","width":"","height":""}],"author":"peter brunner","twitter_card":"summary_large_image","twitter_creator":"@s_p_brunner","twitter_site":"@s_p_brunner","twitter_misc":{"Verfasst von":"peter brunner","Gesch\u00e4tzte Lesezeit":"3\u00a0Minuten"},"schema":{"@context":"https:\/\/schema.org","@graph":[{"@type":"Article","@id":"https:\/\/geschwisterbuechner.de\/?p=3488#article","isPartOf":{"@id":"https:\/\/geschwisterbuechner.de\/?p=3488"},"author":{"name":"peter brunner","@id":"https:\/\/geschwisterbuechner.de\/#\/schema\/person\/ec81f262408192ea04c51ee9c89d48d9"},"headline":"\u201e &#8230;ich mit dir \u00fcber dein ferneres Gedeihen der Zukunft beruhigt entgegen sehen darf\u201d*","datePublished":"2018-01-26T10:23:15+00:00","mainEntityOfPage":{"@id":"https:\/\/geschwisterbuechner.de\/?p=3488"},"wordCount":647,"commentCount":0,"publisher":{"@id":"https:\/\/geschwisterbuechner.de\/#\/schema\/person\/ec81f262408192ea04c51ee9c89d48d9"},"image":{"@id":"https:\/\/geschwisterbuechner.de\/?p=3488#primaryimage"},"thumbnailUrl":"https:\/\/geschwisterbuechner.de\/wp-content\/uploads\/2018\/01\/20170330_Buechnerhaus_ErsterRaum_GemeinsamAnEinemTisch_spbrunner_007-300x225.jpg","keywords":["B\u00fcchnerland","Familie B\u00fcchner","Goddelau","Kurs","Volkshochschule","Weltver\u00e4nderer"],"articleSection":["Alexander B\u00fcchner","B\u00fcchner","B\u00fcchnerhaus","Feminismus","Genealogie","Georg B\u00fcchner","Geschichte","Ludwig B\u00fcchner","Luise B\u00fcchner","Mathilde B\u00fcchner","Regionales","Veranstaltung","Vortrag","Wilhelm B\u00fcchner"],"inLanguage":"de","potentialAction":[{"@type":"CommentAction","name":"Comment","target":["https:\/\/geschwisterbuechner.de\/?p=3488#respond"]}]},{"@type":"WebPage","@id":"https:\/\/geschwisterbuechner.de\/?p=3488","url":"https:\/\/geschwisterbuechner.de\/?p=3488","name":"\u201e ...ich mit dir \u00fcber dein ferneres Gedeihen der Zukunft beruhigt entgegen sehen darf\u201d* - Neues aus Buechnerland","isPartOf":{"@id":"https:\/\/geschwisterbuechner.de\/#website"},"primaryImageOfPage":{"@id":"https:\/\/geschwisterbuechner.de\/?p=3488#primaryimage"},"image":{"@id":"https:\/\/geschwisterbuechner.de\/?p=3488#primaryimage"},"thumbnailUrl":"https:\/\/geschwisterbuechner.de\/wp-content\/uploads\/2018\/01\/20170330_Buechnerhaus_ErsterRaum_GemeinsamAnEinemTisch_spbrunner_007-300x225.jpg","datePublished":"2018-01-26T10:23:15+00:00","breadcrumb":{"@id":"https:\/\/geschwisterbuechner.de\/?p=3488#breadcrumb"},"inLanguage":"de","potentialAction":[{"@type":"ReadAction","target":["https:\/\/geschwisterbuechner.de\/?p=3488"]}]},{"@type":"ImageObject","inLanguage":"de","@id":"https:\/\/geschwisterbuechner.de\/?p=3488#primaryimage","url":"https:\/\/geschwisterbuechner.de\/wp-content\/uploads\/2018\/01\/20170330_Buechnerhaus_ErsterRaum_GemeinsamAnEinemTisch_spbrunner_007.jpg","contentUrl":"https:\/\/geschwisterbuechner.de\/wp-content\/uploads\/2018\/01\/20170330_Buechnerhaus_ErsterRaum_GemeinsamAnEinemTisch_spbrunner_007.jpg","width":1000,"height":750},{"@type":"BreadcrumbList","@id":"https:\/\/geschwisterbuechner.de\/?p=3488#breadcrumb","itemListElement":[{"@type":"ListItem","position":1,"name":"Startseite","item":"https:\/\/geschwisterbuechner.de\/"},{"@type":"ListItem","position":2,"name":"\u201e &#8230;ich mit dir \u00fcber dein ferneres Gedeihen der Zukunft beruhigt entgegen sehen darf\u201d*"}]},{"@type":"WebSite","@id":"https:\/\/geschwisterbuechner.de\/#website","url":"https:\/\/geschwisterbuechner.de\/","name":"Neues aus Buechnerland","description":"Peter Brunners Buechnerblog","publisher":{"@id":"https:\/\/geschwisterbuechner.de\/#\/schema\/person\/ec81f262408192ea04c51ee9c89d48d9"},"potentialAction":[{"@type":"SearchAction","target":{"@type":"EntryPoint","urlTemplate":"https:\/\/geschwisterbuechner.de\/?s={search_term_string}"},"query-input":{"@type":"PropertyValueSpecification","valueRequired":true,"valueName":"search_term_string"}}],"inLanguage":"de"},{"@type":["Person","Organization"],"@id":"https:\/\/geschwisterbuechner.de\/#\/schema\/person\/ec81f262408192ea04c51ee9c89d48d9","name":"peter brunner","image":{"@type":"ImageObject","inLanguage":"de","@id":"https:\/\/secure.gravatar.com\/avatar\/b6195224d15188d95b27ef2d5a30de7ec9d4b75805cd922fc20b18ef8165d1e4?s=96&d=mm&r=g","url":"https:\/\/secure.gravatar.com\/avatar\/b6195224d15188d95b27ef2d5a30de7ec9d4b75805cd922fc20b18ef8165d1e4?s=96&d=mm&r=g","contentUrl":"https:\/\/secure.gravatar.com\/avatar\/b6195224d15188d95b27ef2d5a30de7ec9d4b75805cd922fc20b18ef8165d1e4?s=96&d=mm&r=g","caption":"peter brunner"},"logo":{"@id":"https:\/\/secure.gravatar.com\/avatar\/b6195224d15188d95b27ef2d5a30de7ec9d4b75805cd922fc20b18ef8165d1e4?s=96&d=mm&r=g"},"url":"https:\/\/geschwisterbuechner.de\/?author=379"}]}},"_links":{"self":[{"href":"https:\/\/geschwisterbuechner.de\/index.php?rest_route=\/wp\/v2\/posts\/3488","targetHints":{"allow":["GET"]}}],"collection":[{"href":"https:\/\/geschwisterbuechner.de\/index.php?rest_route=\/wp\/v2\/posts"}],"about":[{"href":"https:\/\/geschwisterbuechner.de\/index.php?rest_route=\/wp\/v2\/types\/post"}],"author":[{"embeddable":true,"href":"https:\/\/geschwisterbuechner.de\/index.php?rest_route=\/wp\/v2\/users\/379"}],"replies":[{"embeddable":true,"href":"https:\/\/geschwisterbuechner.de\/index.php?rest_route=%2Fwp%2Fv2%2Fcomments&post=3488"}],"version-history":[{"count":12,"href":"https:\/\/geschwisterbuechner.de\/index.php?rest_route=\/wp\/v2\/posts\/3488\/revisions"}],"predecessor-version":[{"id":3505,"href":"https:\/\/geschwisterbuechner.de\/index.php?rest_route=\/wp\/v2\/posts\/3488\/revisions\/3505"}],"wp:attachment":[{"href":"https:\/\/geschwisterbuechner.de\/index.php?rest_route=%2Fwp%2Fv2%2Fmedia&parent=3488"}],"wp:term":[{"taxonomy":"category","embeddable":true,"href":"https:\/\/geschwisterbuechner.de\/index.php?rest_route=%2Fwp%2Fv2%2Fcategories&post=3488"},{"taxonomy":"post_tag","embeddable":true,"href":"https:\/\/geschwisterbuechner.de\/index.php?rest_route=%2Fwp%2Fv2%2Ftags&post=3488"}],"curies":[{"name":"wp","href":"https:\/\/api.w.org\/{rel}","templated":true}]}}