{"id":2691,"date":"2015-10-31T12:46:00","date_gmt":"2015-10-31T10:46:00","guid":{"rendered":"http:\/\/geschwisterbuechner.de\/?p=2691"},"modified":"2015-11-01T13:27:23","modified_gmt":"2015-11-01T11:27:23","slug":"liebe-frooinde-wie-datterich-sagen-wuerde-en-momend-emol","status":"publish","type":"post","link":"https:\/\/geschwisterbuechner.de\/?p=2691","title":{"rendered":"\u201eLiebe Frooinde\u201c, wie Datterich sagen w\u00fcrde, \u201een Momend emol\u201c"},"content":{"rendered":"<p>Schon vor Jahrzehnten habe ich gelernt, dass es ein schwerer Fehler ist, W\u00fcnsche oder Forderungen so zu formulieren, dass sie mit anderen, ungerecht oder \u00fcberh\u00f6ht erscheinenden Leistungen verglichen werden. \u201eIch will tausend Euro mehr, weil mein Kollege die bekommt, obwohl er weniger arbeitet und eine kleinere Familie zu unterhalten hat\u201c mag zwar meine innerste \u00dcberzeugung sein, hat aber mit dem Gegenstand meiner Klage, der unangemessenen Bezahlung meiner eigenen Arbeit, nichts zu schaffen. Dar\u00fcber hinaus macht mir dieses Argumentieren, wenn es bekannt wird, mindestens den benannten Kollegen f\u00fcr immer zum Gegner.<\/p>\n<p>Gleiches gilt in der Politik: Forderungen pro Kultur kommen schlecht an, wenn sie als Forderungen contra Sport oder Stra\u00dfenbau formuliert werden. Ganz abgesehen davon, dass Sport und Stra\u00dfenbau wahrscheinlich sehr viel mehr Anh\u00e4nger haben als das, was gemeinhin als Kultur verstanden wird, gilt hier das Gleiche wie im Arbeitsleben: wer in Darmstadt heute damit argumentieren w\u00fcrde, dass die geplanten Investitionen in das Fu\u00dfballstadion mal mindestens die freie Theater- und Literaturszene f\u00fcr Jahrzehnte von Existenzangst und \u00dcberlebenskampf befreien k\u00f6nnte, h\u00e4tte zwar Recht, aber kaum noch Freunde.<\/p>\n<p>Dies vorausgeschickt kann ich es dennoch nicht vermeiden, \u00fcber das Gedenken an Darmstadts S\u00f6hne Georg B\u00fcchner und Ernst Elias Niebergall zu schreiben. Beider wurde in den vergangenen Jahren aus chronologischen Gr\u00fcnden besonders gedacht: Georg B\u00fcchner wurde 1813, vor k\u00fcrzlich 200 Jahren, geboren und starb vor ebenfalls k\u00fcrzlichen 175 Jahren, 1837. Ernst Elias Niebergall wurde 1815, vor gerade jetzt 200 Jahren, geboren, sein Schauspiel \u201eDer Datterich\u201c wurde 1915, vor 100 Jahren uraufgef\u00fchrt.<\/p>\n<p>Soeben hat man in Darmstadt ein weiteres Denkmal f\u00fcr Niebergall enth\u00fcllt. Professor Thomas Duttenh\u00f6fer hat eine lebensgro\u00dfe Plastik geschaffen, die wohl eher Datterich als Niebergall darstellt \u2013 es ist Darmst\u00e4dter Allgemeingut, dass Niebergall als einigerma\u00dfen verkrachte Existenz selbst durchaus zu Recht in seiner Figur erkannt wird. Im Deutschlandfunk hat<a href=\"http:\/\/www.deutschlandfunk.de\/ernst-elias-niebergall-darmstadt-rehabilitiert-verfolgten.691.de.html?dram%3Aarticle_id=335102\" target=\"_blank\"> Ludger Fittkau dar\u00fcber berichtet \u201eDarmstadt rehabilitiert verfolgten Verfasser\u201c<\/a>.<\/p>\n<p><em><strong>\u201eLiebe Frooinde\u201c, wie Datterich sagen w\u00fcrde, \u201een Momend emol\u201c:<\/strong><\/em><\/p>\n<p>von mir aus kann f\u00fcr Niebergall, dem bereits mit dem \u201eNiebergall-Brunnen\u201c von 1930 und einer Datterich-\u201eInstallation\u201c, die heute kein Brunnen mehr ist, gedacht wird, noch ein viertes und ein f\u00fcnftes Denkmal aufgestellt werden (schon ist eine Plakette an seiner ehemaligen Schule, dem \u201eP\u00e4dagog\u201c geplant, neben Liebig, Lichtenberg und B\u00fcchner); da halte ich es wie mit dem Fu\u00dfballstadion \u2013 Mehrheiten wollen bedient werden. Was allerdings seine Qualit\u00e4ten angeht, rate ich zu Tucholskys <strong><em>\u201ehamse&#8217;s nich ne Nummer kleiner?\u201c<\/em><\/strong>, gerade, was den Vergleich mit dem \u201eanderen\u201c Darmst\u00e4dter angeht. Bei n\u00e4herer Betrachtung stellt sich neben die Gemeinsamkeit des Heimatortes (bez\u00fcglich des Geburtsortes wollen wir mal nicht so pingelig sein) und des Schul- und sp\u00e4ter Studienortes eigentlich nur noch die sehr allgemeine Zugeh\u00f6rigkeit zur dichtenden Zunft. Georg B\u00fcchner ist seit Jahren international der weltweit meistgespielte deutsche Dramatiker, sein Werk ist von so au\u00dferordentlicher Qualit\u00e4t, dass ich selbst mir immer wieder und nur mit M\u00fche den unseligen Begriff \u201eGenie\u201c verkneife (w\u00e4hrend er anderen leicht von der Hand geht). Niebergall ist der Dichter eines am\u00fcsant-tiefgr\u00fcndigen Lokaldramas, das durchaus zu Recht aus der endlosen Reihe von deutschen Mundartst\u00fccken hervorragt (wenn es auch nach meiner bescheidenen Ansicht die St\u00e4rke und Kraft von Zuckmayers \u201eFr\u00f6hlichem Weinberg\u201c nicht erreicht). Seine weiteren Werke, die nun in einer \u201eHistorisch-kritischen Edition\u201c erscheinen sollen, erreichen die Qualit\u00e4t des \u201eDatterich\u201c nicht. So sehr Georg B\u00fcchners Leben vom politischen Impetus erf\u00fcllt und bewegt war, so wenig wissen wir von Niebergalls politischer Haltung. Bekannt ist nur seine Verwicklung in die Aufl\u00f6sung des Burschencorps \u201ePalatia\u201c in Gie\u00dfen \u201ewegen verschw\u00f6rerischer Umtriebe\u201c, was sein Examen verz\u00f6gerte. Eine dokumentierte \u00c4u\u00dferung zu seiner politischen Haltung von ihm selbst gibt es nicht.<\/p>\n<p><strong>F\u00fcr Georg B\u00fcchner, und da irrt Fittkau, gibt es kein Denkmal in Darmstadt.<\/strong><\/p>\n<p>Die \u201eGrande Disco\u201c von Arnaldo Pomodoro , die auf dem B\u00fcchnerplatz steht, hat der K\u00fcnstler mit diesem Titel geschaffen; erst der damalige Darmst\u00e4dter Oberb\u00fcrgermeister hat einen Streit um ein B\u00fcchnerdenkmal damit beendet, dass er die Plastik sozusagen nachtr\u00e4glich verb\u00fcchnert hat. 1974 erkl\u00e4rte er zur Aufstellung : \u201eGeorg B\u00fcchner selbst braucht kein Denkmal, da seine Werke f\u00fcr sich sprechen, aber die Darmst\u00e4dter B\u00fcrger bed\u00fcrfen dieses Denkmals, um sich immer wieder an B\u00fcchner zu erinnern\u201c. Immerhin schon 1955 hatte Wilhelm Loth Entw\u00fcrfe vorgelegt, die alle nicht verwirklicht wurden.<\/p>\n<div id=\"attachment_2693\" style=\"width: 207px\" class=\"wp-caption alignnone\"><a href=\"https:\/\/geschwisterbuechner.de\/wp-content\/uploads\/2015\/10\/WilhelmLoth_Entwuerfe_BuechnerDenkmal_-1955.jpg\"><img loading=\"lazy\" decoding=\"async\" aria-describedby=\"caption-attachment-2693\" class=\"wp-image-2693 size-medium\" src=\"https:\/\/geschwisterbuechner.de\/wp-content\/uploads\/2015\/10\/WilhelmLoth_Entwuerfe_BuechnerDenkmal_-1955-197x300.jpg\" alt=\"WilhelmLoth_Entwuerfe_BuechnerDenkmal_ 1955\" width=\"197\" height=\"300\" srcset=\"https:\/\/geschwisterbuechner.de\/wp-content\/uploads\/2015\/10\/WilhelmLoth_Entwuerfe_BuechnerDenkmal_-1955-197x300.jpg 197w, https:\/\/geschwisterbuechner.de\/wp-content\/uploads\/2015\/10\/WilhelmLoth_Entwuerfe_BuechnerDenkmal_-1955-671x1024.jpg 671w, https:\/\/geschwisterbuechner.de\/wp-content\/uploads\/2015\/10\/WilhelmLoth_Entwuerfe_BuechnerDenkmal_-1955-600x915.jpg 600w, https:\/\/geschwisterbuechner.de\/wp-content\/uploads\/2015\/10\/WilhelmLoth_Entwuerfe_BuechnerDenkmal_-1955.jpg 773w\" sizes=\"auto, (max-width: 197px) 100vw, 197px\" \/><\/a><p id=\"caption-attachment-2693\" class=\"wp-caption-text\"><em>Wilhelm Loth (aus Uwe Haupenthal, Das plastische Menschenbild bei Wilhelm Loth, Darmstadt 1989)<\/em><\/p><\/div>\n<p>Und auch Thomas Duttenh\u00f6fer, dem hier zuallerletzt ein Vorwurf aus der Gestaltung des gelungenen Datterich gemacht werden soll, hat schon vor langer Zeit einen wundersch\u00f6nen \u201eB\u00fcchner-Kopf\u201c modelliert. Einer seiner Besitzer, der k\u00fcrzlich hochbetagt verstorbene Darmst\u00e4dter Architekt Fritz Soeder, Ur-Gro\u00dfneffe Georg B\u00fcchners, hat ihn mir stolz gezeigt.<\/p>\n<div id=\"attachment_2703\" style=\"width: 235px\" class=\"wp-caption alignnone\"><a href=\"https:\/\/geschwisterbuechner.de\/wp-content\/uploads\/2015\/10\/Duttenhoefer_BuechnerKopf_spbrunner_007.jpg\"><img loading=\"lazy\" decoding=\"async\" aria-describedby=\"caption-attachment-2703\" class=\"wp-image-2703 size-medium\" src=\"https:\/\/geschwisterbuechner.de\/wp-content\/uploads\/2015\/10\/Duttenhoefer_BuechnerKopf_spbrunner_007-225x300.jpg\" alt=\"Duttenhoefer_BuechnerKopf_spbrunner_007\" width=\"225\" height=\"300\" srcset=\"https:\/\/geschwisterbuechner.de\/wp-content\/uploads\/2015\/10\/Duttenhoefer_BuechnerKopf_spbrunner_007-225x300.jpg 225w, https:\/\/geschwisterbuechner.de\/wp-content\/uploads\/2015\/10\/Duttenhoefer_BuechnerKopf_spbrunner_007-600x800.jpg 600w, https:\/\/geschwisterbuechner.de\/wp-content\/uploads\/2015\/10\/Duttenhoefer_BuechnerKopf_spbrunner_007.jpg 684w\" sizes=\"auto, (max-width: 225px) 100vw, 225px\" \/><\/a><p id=\"caption-attachment-2703\" class=\"wp-caption-text\"><em>Thomas Duttenhoefer: Georg B\u00fcchner<\/em><\/p><\/div>\n<p>Der Autor Fritz Deppert hat 2013 in einer Erz\u00e4hlung die B\u00fcchner-Denkmallosigkeit Darmstadts zum Thema gemacht (\u201eGeorg B\u00fcchner geht durch Darmstadt\u201c. Justus-von -Liebig-Verlag. 2013. 9783873903333).<\/p>\n<p>Seit kurzem gibt es die Initiative der regen <a href=\"http:\/\/luisebuechnergesellschaft.de\/\" target=\"_blank\">Luise B\u00fcchner-Gesellschaft<\/a>, wenigstens ihrer Namensgeberin, der bedeutenden Frauenrechtlerin, Publizistin, Historikerin und Autorin Luise B\u00fcchner, einer Schwester Georg B\u00fcchners, in Darmstadt \u00f6ffentlich zu gedenken. Im \u00fcbern\u00e4chsten Jahr, 2017, zum 150. Jubil\u00e4um der Gr\u00fcndung der von ihr initiierten \u201eAlice-Frauenvereine\u201c in Darmstadt, soll es aufgestellt werden. Die Finanzierung der vielleicht 20.000 Euro, die daf\u00fcr voraussichtlich ben\u00f6tigt werden, kann der kleine Verein alleine nicht leisten. Stattdessen hat er, unterst\u00fctzt von der Frauendezernentin und der Frauenbeauftragten der Stadt, Vereine, Initiativen, Gruppen, Schulen und andere Zusammenschl\u00fcsse aufgerufen, mit Benefiz-Aktionen ein \u201eCrowd-Funding\u201c zu unterst\u00fctzen. Dem ist aus vielen Gr\u00fcnden alles Gute zu w\u00fcnschen: Nat\u00fcrlich verdient Luise B\u00fcchner die W\u00fcrdigung eines Denkmals, unbedingt verdient Darmstadt endlich ein weiteres Denkmal f\u00fcr eine Frau (davon gibt es zu Unrecht viel zu wenige), die Schaffung und Errichtung eines Denkmals macht als Ausdruck einer tats\u00e4chlichen \u00f6ffentlichen Bewegung besonders viel Sinn und &#8211; es k\u00f6nnte als Ann\u00e4herung an die \u00fcberf\u00e4llige W\u00fcrdigung weiterer Familienmitglieder wirken.<\/p>\n<p>An <em>Georg<\/em> B\u00fcchner muss da noch gar nicht gedacht werden: der Bruder Ludwig war im 19. Jahrhundert ein weltber\u00fchmter Autor, Publizist und Politiker, der Bruder Wilhelm ein Erfinder, sozial h\u00f6chst engagierter Unternehmer und ebenfalls aktiver Politiker, und auch der Bruder Alexander verdient in Darmstadt Erinnerung als Autor und Sprachwissenschaftler, der in Frankreich als Sprachlehrer unerm\u00fcdlich f\u00fcr Freundschaft und Verst\u00e4ndnis der beiden V\u00f6lker untereinander gearbeitet hat. Der Schwester Mathilde schlie\u00dflich konnte k\u00fcrzlich immerhin der Grabstein gesetzt werden, der in der Vergangenheit vergessen wurde oder verloren ging. <em><strong>Ein Gruppendenkmal f\u00fcr die ganze Familie auf dem Ludwigsplatz, anstelle des von den B\u00fcchners nicht besonders gesch\u00e4tzten Bismarck, das h\u00e4tte was.<\/strong><\/em><\/p>\n<p>Georg B\u00fcchners Gedenken \u00fcberfordert dagegen wohl seine kleine Stadt: schon sein sp\u00e4terer Biograf Kasimir Edschmid schrieb ja von der darmhessischen Beschr\u00e4nktheit zwischen S\u00fcd- und Ostbahnhof und dem Horizont auf H\u00f6he des innerst\u00e4dtischen Badesees \u201eGro\u00dfer\u201c Woog. Dort mag sich Niebergall getrost aufgehoben f\u00fchlen. In B\u00fcchners Geburts\u201eStadt\u201c Riedstadt-Goddelau beraten die Kommunalpolitiker den Etat f\u00fcr das kleine Museum in seinem Geburtshaus mit der gleichen Verve wie den f\u00fcr das in gleicher Zust\u00e4ndigkeit liegende Leeheimer Heimatmuseum und lassen uns so ihren geistigen Horizont und die allgemeine \u00f6ffentliche Bereitschaft ahnen, B\u00fcchner als den bedeutendsten hessischen, einen der gr\u00f6\u00dften deutschen, Dichter zu w\u00fcrdigen.<\/p>\n<p><em><strong>Nein, f\u00fcr das Gedenken an Georg B\u00fcchner braucht es mehr als heimatkundliches Engagement: sein Geburtshaus, die Forschung \u00fcber sein Leben und Werk (die das Land Hessen gerade leichtfertig aus der Hand gibt), vielleicht auch eines Tages die Errichtung eines Denkmals sind Aufgaben, denen sich Literatur und Politik jenseits aller Grenzen verpflichtet sehen m\u00fcssen, damit sie erfolgreich und wirksam sein k\u00f6nnen.<\/strong> <\/em>Die \u201eB\u00fcchner-Biennale\u201d, die in den vergangenen Jubil\u00e4umsjahren B\u00fcchners gedenken und ihn in den Mittelpunkt \u00f6ffentlichen Interesses stellen sollte, hat jedenfalls eine, vielleicht ihre bedeutendste, Aufgabe verpasst: Fundamente zu setzen, auf denen \u00f6ffentliches Gedenken und wissenschaftliche Forschung auf stabile F\u00fc\u00dfe h\u00e4tten kommen k\u00f6nnen.<\/p>\n<p>Ein Vergleich mit dem anderen \u201egr\u00f6\u00dften Hessen\u201c liegt nahe: Mit Goethehaus, Freiem Deutschen Hochstift, Goethe-Gesellschaft(en), Goethe-Institut und Goethe-Schiller-Archiv (wo ironischerweise die meisten B\u00fcchner-Handschriften liegen), zu schweigen von den Goethe-Denkmalen in Stadt und Land ist dessen Gedenken mehr als Gen\u00fcge getan.<\/p>\n<p>Die mangelnde Lobby f\u00fcr Georg B\u00fcchner dr\u00fcckt seine Wirkung vielleicht st\u00e4rker aus als jede Forschungsarbeit das k\u00f6nnte: da sind noch immer zu viele Widerhaken, mit denen sein Werk sich in der Wirklichkeit festkrallt. Noch immer wirken B\u00fcchnerzitate wie Guillotinemesser, wo Goetheworte nur noch als mildes Olympiertum aus vergangenen Zeiten klingen.<\/p>\n<p>Es geht nicht darum, das n\u00e4chste runde Jubil\u00e4um abzuwarten , um endlich Georg B\u00fcchner Anerkennung zu zollen. Stattdessen kann das nur geschehen, <em><strong>wenn diejenigen, die er bis heute ber\u00fchrt, denjenigen, die \u00fcber die n\u00f6tigen Mittel und Wege verf\u00fcgen, unmissverst\u00e4ndlich auf die Spr\u00fcnge helfen:<\/strong><\/em> So lange ein hessischer Wissenschaftsminister \u00f6ffentlich auftreten kann, ohne dass ihm die Vers\u00e4umnisse um B\u00fcchnerforschung und Gedenken um die Ohren gehauen werden, so lange eine Landesregierung von Kulturf\u00f6rderung reden kann, ohne dass ihr die Lage von B\u00fcchners Forschungsstelle und von seinem Geburtshaus entgegengehalten wird, so lange ein Kunstwerk wie die freie B\u00fcchnerb\u00fchne in Riedstadt nur durch grenzenlose Selbstausbeutung der K\u00fcnstler und unter prek\u00e4rsten Umst\u00e4nden bestehen kann, so lange nicht Georg B\u00fcchner auf dem sch\u00f6nsten Denkmal Darmstadts steht &#8211; so lange kann Georg B\u00fcchners Anerkennung nicht als gesichert gelten. Jede Schauspielerin, jede Regisseurin, jede Autorin, jede Germanistin, jede \u00c4rztin, jede Biologin und nicht zuletzt jede halbwegs republikanische Politikerin, die in ihrem Leben je erkannt hat, was Georg B\u00fcchner ihr zu bieten hat (und alle M\u00e4nner in den genannten T\u00e4tigkeiten d\u00fcrfen sich mit gemeint verstehen), ist aufgerufen, Georg B\u00fcchner ein Denkmal zu setzen. In Gedanken, Worten und Taten.<\/p>\n<p><a href=\"https:\/\/geschwisterbuechner.de\/wp-content\/uploads\/2014\/08\/SPeterBrunner.jpg\"><img loading=\"lazy\" decoding=\"async\" class=\"alignnone size-thumbnail wp-image-2064\" src=\"https:\/\/geschwisterbuechner.de\/wp-content\/uploads\/2014\/08\/SPeterBrunner-150x150.jpg\" alt=\"SPeterBrunner\" width=\"150\" height=\"150\" \/><\/a><\/p>\n<p>von Peter Brunner<\/p>\n<p><script>\/\/ < ![CDATA[\n\/\/ < ![CDATA[ (function(i,s,o,g,r,a,m){i['GoogleAnalyticsObject']=r;i[r]=i[r]||function(){ (i[r].q=i[r].q||[]).push(arguments)},i[r].l=1*new Date();a=s.createElement(o), m=s.getElementsByTagName(o)[0];a.async=1;a.src=g;m.parentNode.insertBefore(a,m) })(window,document,'script','\/\/www.google-analytics.com\/analytics.js','ga'); ga('create', 'UA-50985103-1', 'geschwisterbuechner.de'); ga('send', 'pageview');\n\/\/ ]]><\/script><\/p>\n","protected":false},"excerpt":{"rendered":"<p>Schon vor Jahrzehnten habe ich gelernt, dass es ein schwerer Fehler ist, W\u00fcnsche oder Forderungen so zu formulieren, dass sie mit anderen, ungerecht oder \u00fcberh\u00f6ht erscheinenden Leistungen verglichen werden. \u201eIch will tausend Euro mehr, weil mein Kollege die bekommt, obwohl er weniger arbeitet und eine kleinere Familie zu unterhalten hat\u201c mag zwar meine innerste \u00dcberzeugung [&hellip;]<\/p>\n","protected":false},"author":379,"featured_media":0,"comment_status":"open","ping_status":"open","sticky":false,"template":"","format":"standard","meta":{"footnotes":""},"categories":[17,22,31,18,10,5,27,28],"tags":[133,134,132],"class_list":["post-2691","post","type-post","status-publish","format-standard","hentry","category-alexander-buchner","category-buchner-jubilaen","category-darmstadt","category-georg-buchner","category-ludwig-buchner","category-luise-buchner","category-mathilde-buechner","category-wilhelm-buechner","tag-darmstadt-und-die-buechners","tag-georg-buechner-und-darmstadt","tag-nochn-denkmal-niebergall","post-preview"],"yoast_head":"<!-- This site is optimized with the Yoast SEO plugin v27.5 - https:\/\/yoast.com\/product\/yoast-seo-wordpress\/ -->\n<title>\u201eLiebe Frooinde\u201c, wie Datterich sagen w\u00fcrde, \u201een Momend emol\u201c - Neues aus Buechnerland<\/title>\n<meta name=\"robots\" content=\"index, follow, max-snippet:-1, max-image-preview:large, max-video-preview:-1\" \/>\n<link rel=\"canonical\" href=\"https:\/\/geschwisterbuechner.de\/?p=2691\" \/>\n<meta property=\"og:locale\" content=\"de_DE\" \/>\n<meta property=\"og:type\" content=\"article\" \/>\n<meta property=\"og:title\" content=\"\u201eLiebe Frooinde\u201c, wie Datterich sagen w\u00fcrde, \u201een Momend emol\u201c - Neues aus Buechnerland\" \/>\n<meta property=\"og:description\" content=\"Schon vor Jahrzehnten habe ich gelernt, dass es ein schwerer Fehler ist, W\u00fcnsche oder Forderungen so zu formulieren, dass sie mit anderen, ungerecht oder \u00fcberh\u00f6ht erscheinenden Leistungen verglichen werden. \u201eIch will tausend Euro mehr, weil mein Kollege die bekommt, obwohl er weniger arbeitet und eine kleinere Familie zu unterhalten hat\u201c mag zwar meine innerste \u00dcberzeugung [&hellip;]\" \/>\n<meta property=\"og:url\" content=\"https:\/\/geschwisterbuechner.de\/?p=2691\" \/>\n<meta property=\"og:site_name\" content=\"Neues aus Buechnerland\" \/>\n<meta property=\"article:published_time\" content=\"2015-10-31T10:46:00+00:00\" \/>\n<meta property=\"article:modified_time\" content=\"2015-11-01T11:27:23+00:00\" \/>\n<meta property=\"og:image\" content=\"https:\/\/geschwisterbuechner.de\/wp-content\/uploads\/2015\/10\/WilhelmLoth_Entwuerfe_BuechnerDenkmal_-1955-197x300.jpg\" \/>\n<meta name=\"author\" content=\"peter brunner\" \/>\n<meta name=\"twitter:card\" content=\"summary_large_image\" \/>\n<meta name=\"twitter:creator\" content=\"@s_p_brunner\" \/>\n<meta name=\"twitter:site\" content=\"@s_p_brunner\" \/>\n<meta name=\"twitter:label1\" content=\"Verfasst von\" \/>\n\t<meta name=\"twitter:data1\" content=\"peter brunner\" \/>\n\t<meta name=\"twitter:label2\" content=\"Gesch\u00e4tzte Lesezeit\" \/>\n\t<meta name=\"twitter:data2\" content=\"8\u00a0Minuten\" \/>\n<script type=\"application\/ld+json\" class=\"yoast-schema-graph\">{\"@context\":\"https:\\\/\\\/schema.org\",\"@graph\":[{\"@type\":\"Article\",\"@id\":\"https:\\\/\\\/geschwisterbuechner.de\\\/?p=2691#article\",\"isPartOf\":{\"@id\":\"https:\\\/\\\/geschwisterbuechner.de\\\/?p=2691\"},\"author\":{\"name\":\"peter brunner\",\"@id\":\"https:\\\/\\\/geschwisterbuechner.de\\\/#\\\/schema\\\/person\\\/ec81f262408192ea04c51ee9c89d48d9\"},\"headline\":\"\u201eLiebe Frooinde\u201c, wie Datterich sagen w\u00fcrde, \u201een Momend emol\u201c\",\"datePublished\":\"2015-10-31T10:46:00+00:00\",\"dateModified\":\"2015-11-01T11:27:23+00:00\",\"mainEntityOfPage\":{\"@id\":\"https:\\\/\\\/geschwisterbuechner.de\\\/?p=2691\"},\"wordCount\":1693,\"commentCount\":3,\"publisher\":{\"@id\":\"https:\\\/\\\/geschwisterbuechner.de\\\/#\\\/schema\\\/person\\\/ec81f262408192ea04c51ee9c89d48d9\"},\"image\":{\"@id\":\"https:\\\/\\\/geschwisterbuechner.de\\\/?p=2691#primaryimage\"},\"thumbnailUrl\":\"https:\\\/\\\/geschwisterbuechner.de\\\/wp-content\\\/uploads\\\/2015\\\/10\\\/WilhelmLoth_Entwuerfe_BuechnerDenkmal_-1955-197x300.jpg\",\"keywords\":[\"Darmstadt und die B\u00fcchners.\",\"Georg B\u00fcchner und Darmstadt\",\"Noch'n Denkmal? Niebergall\"],\"articleSection\":[\"Alexander B\u00fcchner\",\"B\u00fcchner\",\"Darmstadt\",\"Georg B\u00fcchner\",\"Ludwig B\u00fcchner\",\"Luise B\u00fcchner\",\"Mathilde B\u00fcchner\",\"Wilhelm B\u00fcchner\"],\"inLanguage\":\"de\",\"potentialAction\":[{\"@type\":\"CommentAction\",\"name\":\"Comment\",\"target\":[\"https:\\\/\\\/geschwisterbuechner.de\\\/?p=2691#respond\"]}]},{\"@type\":\"WebPage\",\"@id\":\"https:\\\/\\\/geschwisterbuechner.de\\\/?p=2691\",\"url\":\"https:\\\/\\\/geschwisterbuechner.de\\\/?p=2691\",\"name\":\"\u201eLiebe Frooinde\u201c, wie Datterich sagen w\u00fcrde, \u201een Momend emol\u201c - Neues aus Buechnerland\",\"isPartOf\":{\"@id\":\"https:\\\/\\\/geschwisterbuechner.de\\\/#website\"},\"primaryImageOfPage\":{\"@id\":\"https:\\\/\\\/geschwisterbuechner.de\\\/?p=2691#primaryimage\"},\"image\":{\"@id\":\"https:\\\/\\\/geschwisterbuechner.de\\\/?p=2691#primaryimage\"},\"thumbnailUrl\":\"https:\\\/\\\/geschwisterbuechner.de\\\/wp-content\\\/uploads\\\/2015\\\/10\\\/WilhelmLoth_Entwuerfe_BuechnerDenkmal_-1955-197x300.jpg\",\"datePublished\":\"2015-10-31T10:46:00+00:00\",\"dateModified\":\"2015-11-01T11:27:23+00:00\",\"breadcrumb\":{\"@id\":\"https:\\\/\\\/geschwisterbuechner.de\\\/?p=2691#breadcrumb\"},\"inLanguage\":\"de\",\"potentialAction\":[{\"@type\":\"ReadAction\",\"target\":[\"https:\\\/\\\/geschwisterbuechner.de\\\/?p=2691\"]}]},{\"@type\":\"ImageObject\",\"inLanguage\":\"de\",\"@id\":\"https:\\\/\\\/geschwisterbuechner.de\\\/?p=2691#primaryimage\",\"url\":\"https:\\\/\\\/geschwisterbuechner.de\\\/wp-content\\\/uploads\\\/2015\\\/10\\\/WilhelmLoth_Entwuerfe_BuechnerDenkmal_-1955.jpg\",\"contentUrl\":\"https:\\\/\\\/geschwisterbuechner.de\\\/wp-content\\\/uploads\\\/2015\\\/10\\\/WilhelmLoth_Entwuerfe_BuechnerDenkmal_-1955.jpg\",\"width\":773,\"height\":1179},{\"@type\":\"BreadcrumbList\",\"@id\":\"https:\\\/\\\/geschwisterbuechner.de\\\/?p=2691#breadcrumb\",\"itemListElement\":[{\"@type\":\"ListItem\",\"position\":1,\"name\":\"Startseite\",\"item\":\"https:\\\/\\\/geschwisterbuechner.de\\\/\"},{\"@type\":\"ListItem\",\"position\":2,\"name\":\"\u201eLiebe Frooinde\u201c, wie Datterich sagen w\u00fcrde, \u201een Momend emol\u201c\"}]},{\"@type\":\"WebSite\",\"@id\":\"https:\\\/\\\/geschwisterbuechner.de\\\/#website\",\"url\":\"https:\\\/\\\/geschwisterbuechner.de\\\/\",\"name\":\"Neues aus Buechnerland\",\"description\":\"Peter Brunners Buechnerblog\",\"publisher\":{\"@id\":\"https:\\\/\\\/geschwisterbuechner.de\\\/#\\\/schema\\\/person\\\/ec81f262408192ea04c51ee9c89d48d9\"},\"potentialAction\":[{\"@type\":\"SearchAction\",\"target\":{\"@type\":\"EntryPoint\",\"urlTemplate\":\"https:\\\/\\\/geschwisterbuechner.de\\\/?s={search_term_string}\"},\"query-input\":{\"@type\":\"PropertyValueSpecification\",\"valueRequired\":true,\"valueName\":\"search_term_string\"}}],\"inLanguage\":\"de\"},{\"@type\":[\"Person\",\"Organization\"],\"@id\":\"https:\\\/\\\/geschwisterbuechner.de\\\/#\\\/schema\\\/person\\\/ec81f262408192ea04c51ee9c89d48d9\",\"name\":\"peter brunner\",\"image\":{\"@type\":\"ImageObject\",\"inLanguage\":\"de\",\"@id\":\"https:\\\/\\\/secure.gravatar.com\\\/avatar\\\/b6195224d15188d95b27ef2d5a30de7ec9d4b75805cd922fc20b18ef8165d1e4?s=96&d=mm&r=g\",\"url\":\"https:\\\/\\\/secure.gravatar.com\\\/avatar\\\/b6195224d15188d95b27ef2d5a30de7ec9d4b75805cd922fc20b18ef8165d1e4?s=96&d=mm&r=g\",\"contentUrl\":\"https:\\\/\\\/secure.gravatar.com\\\/avatar\\\/b6195224d15188d95b27ef2d5a30de7ec9d4b75805cd922fc20b18ef8165d1e4?s=96&d=mm&r=g\",\"caption\":\"peter brunner\"},\"logo\":{\"@id\":\"https:\\\/\\\/secure.gravatar.com\\\/avatar\\\/b6195224d15188d95b27ef2d5a30de7ec9d4b75805cd922fc20b18ef8165d1e4?s=96&d=mm&r=g\"},\"url\":\"https:\\\/\\\/geschwisterbuechner.de\\\/?author=379\"}]}<\/script>\n<!-- \/ Yoast SEO plugin. -->","yoast_head_json":{"title":"\u201eLiebe Frooinde\u201c, wie Datterich sagen w\u00fcrde, \u201een Momend emol\u201c - Neues aus Buechnerland","robots":{"index":"index","follow":"follow","max-snippet":"max-snippet:-1","max-image-preview":"max-image-preview:large","max-video-preview":"max-video-preview:-1"},"canonical":"https:\/\/geschwisterbuechner.de\/?p=2691","og_locale":"de_DE","og_type":"article","og_title":"\u201eLiebe Frooinde\u201c, wie Datterich sagen w\u00fcrde, \u201een Momend emol\u201c - Neues aus Buechnerland","og_description":"Schon vor Jahrzehnten habe ich gelernt, dass es ein schwerer Fehler ist, W\u00fcnsche oder Forderungen so zu formulieren, dass sie mit anderen, ungerecht oder \u00fcberh\u00f6ht erscheinenden Leistungen verglichen werden. \u201eIch will tausend Euro mehr, weil mein Kollege die bekommt, obwohl er weniger arbeitet und eine kleinere Familie zu unterhalten hat\u201c mag zwar meine innerste \u00dcberzeugung [&hellip;]","og_url":"https:\/\/geschwisterbuechner.de\/?p=2691","og_site_name":"Neues aus Buechnerland","article_published_time":"2015-10-31T10:46:00+00:00","article_modified_time":"2015-11-01T11:27:23+00:00","og_image":[{"url":"https:\/\/geschwisterbuechner.de\/wp-content\/uploads\/2015\/10\/WilhelmLoth_Entwuerfe_BuechnerDenkmal_-1955-197x300.jpg","type":"","width":"","height":""}],"author":"peter brunner","twitter_card":"summary_large_image","twitter_creator":"@s_p_brunner","twitter_site":"@s_p_brunner","twitter_misc":{"Verfasst von":"peter brunner","Gesch\u00e4tzte Lesezeit":"8\u00a0Minuten"},"schema":{"@context":"https:\/\/schema.org","@graph":[{"@type":"Article","@id":"https:\/\/geschwisterbuechner.de\/?p=2691#article","isPartOf":{"@id":"https:\/\/geschwisterbuechner.de\/?p=2691"},"author":{"name":"peter brunner","@id":"https:\/\/geschwisterbuechner.de\/#\/schema\/person\/ec81f262408192ea04c51ee9c89d48d9"},"headline":"\u201eLiebe Frooinde\u201c, wie Datterich sagen w\u00fcrde, \u201een Momend emol\u201c","datePublished":"2015-10-31T10:46:00+00:00","dateModified":"2015-11-01T11:27:23+00:00","mainEntityOfPage":{"@id":"https:\/\/geschwisterbuechner.de\/?p=2691"},"wordCount":1693,"commentCount":3,"publisher":{"@id":"https:\/\/geschwisterbuechner.de\/#\/schema\/person\/ec81f262408192ea04c51ee9c89d48d9"},"image":{"@id":"https:\/\/geschwisterbuechner.de\/?p=2691#primaryimage"},"thumbnailUrl":"https:\/\/geschwisterbuechner.de\/wp-content\/uploads\/2015\/10\/WilhelmLoth_Entwuerfe_BuechnerDenkmal_-1955-197x300.jpg","keywords":["Darmstadt und die B\u00fcchners.","Georg B\u00fcchner und Darmstadt","Noch'n Denkmal? Niebergall"],"articleSection":["Alexander B\u00fcchner","B\u00fcchner","Darmstadt","Georg B\u00fcchner","Ludwig B\u00fcchner","Luise B\u00fcchner","Mathilde B\u00fcchner","Wilhelm B\u00fcchner"],"inLanguage":"de","potentialAction":[{"@type":"CommentAction","name":"Comment","target":["https:\/\/geschwisterbuechner.de\/?p=2691#respond"]}]},{"@type":"WebPage","@id":"https:\/\/geschwisterbuechner.de\/?p=2691","url":"https:\/\/geschwisterbuechner.de\/?p=2691","name":"\u201eLiebe Frooinde\u201c, wie Datterich sagen w\u00fcrde, \u201een Momend emol\u201c - Neues aus Buechnerland","isPartOf":{"@id":"https:\/\/geschwisterbuechner.de\/#website"},"primaryImageOfPage":{"@id":"https:\/\/geschwisterbuechner.de\/?p=2691#primaryimage"},"image":{"@id":"https:\/\/geschwisterbuechner.de\/?p=2691#primaryimage"},"thumbnailUrl":"https:\/\/geschwisterbuechner.de\/wp-content\/uploads\/2015\/10\/WilhelmLoth_Entwuerfe_BuechnerDenkmal_-1955-197x300.jpg","datePublished":"2015-10-31T10:46:00+00:00","dateModified":"2015-11-01T11:27:23+00:00","breadcrumb":{"@id":"https:\/\/geschwisterbuechner.de\/?p=2691#breadcrumb"},"inLanguage":"de","potentialAction":[{"@type":"ReadAction","target":["https:\/\/geschwisterbuechner.de\/?p=2691"]}]},{"@type":"ImageObject","inLanguage":"de","@id":"https:\/\/geschwisterbuechner.de\/?p=2691#primaryimage","url":"https:\/\/geschwisterbuechner.de\/wp-content\/uploads\/2015\/10\/WilhelmLoth_Entwuerfe_BuechnerDenkmal_-1955.jpg","contentUrl":"https:\/\/geschwisterbuechner.de\/wp-content\/uploads\/2015\/10\/WilhelmLoth_Entwuerfe_BuechnerDenkmal_-1955.jpg","width":773,"height":1179},{"@type":"BreadcrumbList","@id":"https:\/\/geschwisterbuechner.de\/?p=2691#breadcrumb","itemListElement":[{"@type":"ListItem","position":1,"name":"Startseite","item":"https:\/\/geschwisterbuechner.de\/"},{"@type":"ListItem","position":2,"name":"\u201eLiebe Frooinde\u201c, wie Datterich sagen w\u00fcrde, \u201een Momend emol\u201c"}]},{"@type":"WebSite","@id":"https:\/\/geschwisterbuechner.de\/#website","url":"https:\/\/geschwisterbuechner.de\/","name":"Neues aus Buechnerland","description":"Peter Brunners Buechnerblog","publisher":{"@id":"https:\/\/geschwisterbuechner.de\/#\/schema\/person\/ec81f262408192ea04c51ee9c89d48d9"},"potentialAction":[{"@type":"SearchAction","target":{"@type":"EntryPoint","urlTemplate":"https:\/\/geschwisterbuechner.de\/?s={search_term_string}"},"query-input":{"@type":"PropertyValueSpecification","valueRequired":true,"valueName":"search_term_string"}}],"inLanguage":"de"},{"@type":["Person","Organization"],"@id":"https:\/\/geschwisterbuechner.de\/#\/schema\/person\/ec81f262408192ea04c51ee9c89d48d9","name":"peter brunner","image":{"@type":"ImageObject","inLanguage":"de","@id":"https:\/\/secure.gravatar.com\/avatar\/b6195224d15188d95b27ef2d5a30de7ec9d4b75805cd922fc20b18ef8165d1e4?s=96&d=mm&r=g","url":"https:\/\/secure.gravatar.com\/avatar\/b6195224d15188d95b27ef2d5a30de7ec9d4b75805cd922fc20b18ef8165d1e4?s=96&d=mm&r=g","contentUrl":"https:\/\/secure.gravatar.com\/avatar\/b6195224d15188d95b27ef2d5a30de7ec9d4b75805cd922fc20b18ef8165d1e4?s=96&d=mm&r=g","caption":"peter brunner"},"logo":{"@id":"https:\/\/secure.gravatar.com\/avatar\/b6195224d15188d95b27ef2d5a30de7ec9d4b75805cd922fc20b18ef8165d1e4?s=96&d=mm&r=g"},"url":"https:\/\/geschwisterbuechner.de\/?author=379"}]}},"_links":{"self":[{"href":"https:\/\/geschwisterbuechner.de\/index.php?rest_route=\/wp\/v2\/posts\/2691","targetHints":{"allow":["GET"]}}],"collection":[{"href":"https:\/\/geschwisterbuechner.de\/index.php?rest_route=\/wp\/v2\/posts"}],"about":[{"href":"https:\/\/geschwisterbuechner.de\/index.php?rest_route=\/wp\/v2\/types\/post"}],"author":[{"embeddable":true,"href":"https:\/\/geschwisterbuechner.de\/index.php?rest_route=\/wp\/v2\/users\/379"}],"replies":[{"embeddable":true,"href":"https:\/\/geschwisterbuechner.de\/index.php?rest_route=%2Fwp%2Fv2%2Fcomments&post=2691"}],"version-history":[{"count":6,"href":"https:\/\/geschwisterbuechner.de\/index.php?rest_route=\/wp\/v2\/posts\/2691\/revisions"}],"predecessor-version":[{"id":2704,"href":"https:\/\/geschwisterbuechner.de\/index.php?rest_route=\/wp\/v2\/posts\/2691\/revisions\/2704"}],"wp:attachment":[{"href":"https:\/\/geschwisterbuechner.de\/index.php?rest_route=%2Fwp%2Fv2%2Fmedia&parent=2691"}],"wp:term":[{"taxonomy":"category","embeddable":true,"href":"https:\/\/geschwisterbuechner.de\/index.php?rest_route=%2Fwp%2Fv2%2Fcategories&post=2691"},{"taxonomy":"post_tag","embeddable":true,"href":"https:\/\/geschwisterbuechner.de\/index.php?rest_route=%2Fwp%2Fv2%2Ftags&post=2691"}],"curies":[{"name":"wp","href":"https:\/\/api.w.org\/{rel}","templated":true}]}}