{"id":1373,"date":"2013-11-22T11:56:51","date_gmt":"2013-11-22T09:56:51","guid":{"rendered":"http:\/\/geschwisterbuechner.de\/?p=1373"},"modified":"2013-11-22T12:31:13","modified_gmt":"2013-11-22T10:31:13","slug":"geht-doch","status":"publish","type":"post","link":"https:\/\/geschwisterbuechner.de\/?p=1373","title":{"rendered":"Geht doch!"},"content":{"rendered":"<p>Claus Netuschil wollte es sich bei der Finissage seiner Ausstellung <strong>\u201eDa geht B\u00fcchner&#8220;<\/strong> nicht nehmen lassen, einen \u00e4rgerlichen Aspekt der B\u00fcchner-Feierei zu thematisieren: das \u00fcngl\u00fcckselige Motiv der Gedenkbriefmarke, das ich <a href=\"https:\/\/geschwisterbuechner.de\/2013\/09\/06\/unbekanntes-buchner-jubilaum-versehentlich-nicht-begangen\/\" target=\"_blank\">hier schon bein Erscheinen kommentiert<\/a> habe.<\/p>\n<p>&nbsp;<\/p>\n<p><a href=\"https:\/\/geschwisterbuechner.de\/wp-content\/uploads\/2013\/09\/Briefmarke_Georg.jpg\"><img loading=\"lazy\" decoding=\"async\" class=\"alignnone size-medium wp-image-1125\" alt=\"Briefmarke_Georg\" src=\"https:\/\/geschwisterbuechner.de\/wp-content\/uploads\/2013\/09\/Briefmarke_Georg-293x300.jpg\" width=\"293\" height=\"300\" srcset=\"https:\/\/geschwisterbuechner.de\/wp-content\/uploads\/2013\/09\/Briefmarke_Georg-293x300.jpg 293w, https:\/\/geschwisterbuechner.de\/wp-content\/uploads\/2013\/09\/Briefmarke_Georg.jpg 404w\" sizes=\"auto, (max-width: 293px) 100vw, 293px\" \/><\/a><\/p>\n<p><em>Die ungl\u00fcckselige W\u00fcrdigung der Verfolgung B\u00fcchners<\/em><br \/>\n<em>auf einem Staatspapier von 2013<\/em><\/p>\n<p><a href=\"https:\/\/geschwisterbuechner.de\/wp-content\/uploads\/2013\/09\/ddrBriefmarkeGB.jpg\"><img loading=\"lazy\" decoding=\"async\" class=\"alignnone size-medium wp-image-1131\" alt=\"ddrBriefmarkeGB\" src=\"https:\/\/geschwisterbuechner.de\/wp-content\/uploads\/2013\/09\/ddrBriefmarkeGB-300x190.jpg\" width=\"300\" height=\"190\" srcset=\"https:\/\/geschwisterbuechner.de\/wp-content\/uploads\/2013\/09\/ddrBriefmarkeGB-300x190.jpg 300w, https:\/\/geschwisterbuechner.de\/wp-content\/uploads\/2013\/09\/ddrBriefmarkeGB.jpg 355w\" sizes=\"auto, (max-width: 300px) 100vw, 300px\" \/><\/a><\/p>\n<p>&nbsp;<\/p>\n<p><em>Der Versuch der W\u00fcrdigung B\u00fcchners durch die DDR 1963\u00a0<\/em><\/p>\n<p>&nbsp;<\/p>\n<p>Netuschil ist es gelungen, die K\u00fcnstlerin Dorothea G\u00f6bel f\u00fcr den Entwurf einiger Alternativen zu gewinnen. Dabei ist dieses kleine Blatt entstanden, das ich mit ihrer freundlichen Genehmigung hier zeigen kann.<\/p>\n<p>&nbsp;<\/p>\n<p>&nbsp;<\/p>\n<p><a href=\"https:\/\/geschwisterbuechner.de\/wp-content\/uploads\/2013\/11\/1311_DorotheaGoebel_Buechnermarken.jpg\"><img loading=\"lazy\" decoding=\"async\" class=\"alignnone  wp-image-1374\" alt=\"1311_DorotheaGoebel_Buechnermarken\" src=\"https:\/\/geschwisterbuechner.de\/wp-content\/uploads\/2013\/11\/1311_DorotheaGoebel_Buechnermarken.jpg\" width=\"418\" height=\"520\" \/><\/a><\/p>\n<p><em><span style=\"font-size: 13px;\">Dorothea G\u00f6bel: Finger\u00fcbungen f\u00fcr eine B\u00fcchner-Briefmarke<br \/>\n<\/span>mit \u201eFesttagsstempel&#8220; f\u00fcr die Galerie Netuschil, Darmstadt<br \/>\nunter Verwendung des Holzschnitts \u201eGeorg B\u00fcchner&#8220; von Helmut Lortz<\/em><\/p>\n<p>&nbsp;<\/p>\n<p>&nbsp;<\/p>\n<p><span style=\"font-size: 13px;\">Bei aller grunds\u00e4tzlichen Distanz zur W\u00fcrdigung B\u00fcchners auf einer so banalen Drucksache wie einer Briefmarke wird hier doch deutlich gezeigt, dass sowohl mit dem wunderbaren B\u00fcchnerkopf von Helmut Lorz wie mit ganz eigenst\u00e4ndiger Motivfindung die Gestaltung einer Drucksache mit pr\u00e4gnanter Wirkung m\u00f6glich ist. Schade, dass Frau G\u00f6bel nicht angefragt worden ist.\u00a0<\/span><\/p>\n<p>Der Bundespost bzw. den von ihr angefragten K\u00fcnstlern ist jedenfalls nichts auch nur ann\u00e4hernd so Gutes eingefallen, obwohl man sich der Beratung durch die B\u00fcchner-Forschungsstelle in Marburg r\u00fchmt. Von dort haben wir bisher Kenntnis und Phantasie genug erwartet, auf ein anderes Motiv als ausgerechnet den Steckbrief zu kommen &#8211; schade.<\/p>\n","protected":false},"excerpt":{"rendered":"<p>Claus Netuschil wollte es sich bei der Finissage seiner Ausstellung \u201eDa geht B\u00fcchner&#8220; nicht nehmen lassen, einen \u00e4rgerlichen Aspekt der B\u00fcchner-Feierei zu thematisieren: das \u00fcngl\u00fcckselige Motiv der Gedenkbriefmarke, das ich hier schon bein Erscheinen kommentiert habe. &nbsp; Die ungl\u00fcckselige W\u00fcrdigung der Verfolgung B\u00fcchners auf einem Staatspapier von 2013 &nbsp; Der Versuch der W\u00fcrdigung B\u00fcchners durch [&hellip;]<\/p>\n","protected":false},"author":379,"featured_media":0,"comment_status":"open","ping_status":"open","sticky":false,"template":"","format":"standard","meta":{"footnotes":""},"categories":[11,22,18],"tags":[],"class_list":["post-1373","post","type-post","status-publish","format-standard","hentry","category-ausstellungen","category-buchner-jubilaen","category-georg-buchner","post-preview"],"yoast_head":"<!-- This site is optimized with the Yoast SEO plugin v27.5 - https:\/\/yoast.com\/product\/yoast-seo-wordpress\/ -->\n<title>Geht doch!  - Neues aus Buechnerland<\/title>\n<meta name=\"robots\" content=\"index, follow, max-snippet:-1, max-image-preview:large, max-video-preview:-1\" \/>\n<link rel=\"canonical\" href=\"https:\/\/geschwisterbuechner.de\/?p=1373\" \/>\n<meta property=\"og:locale\" content=\"de_DE\" \/>\n<meta property=\"og:type\" content=\"article\" \/>\n<meta property=\"og:title\" content=\"Geht doch!  - Neues aus Buechnerland\" \/>\n<meta property=\"og:description\" content=\"Claus Netuschil wollte es sich bei der Finissage seiner Ausstellung \u201eDa geht B\u00fcchner&#8220; nicht nehmen lassen, einen \u00e4rgerlichen Aspekt der B\u00fcchner-Feierei zu thematisieren: das \u00fcngl\u00fcckselige Motiv der Gedenkbriefmarke, das ich hier schon bein Erscheinen kommentiert habe. &nbsp; Die ungl\u00fcckselige W\u00fcrdigung der Verfolgung B\u00fcchners auf einem Staatspapier von 2013 &nbsp; Der Versuch der W\u00fcrdigung B\u00fcchners durch [&hellip;]\" \/>\n<meta property=\"og:url\" content=\"https:\/\/geschwisterbuechner.de\/?p=1373\" \/>\n<meta property=\"og:site_name\" content=\"Neues aus Buechnerland\" \/>\n<meta property=\"article:published_time\" content=\"2013-11-22T09:56:51+00:00\" \/>\n<meta property=\"article:modified_time\" content=\"2013-11-22T10:31:13+00:00\" \/>\n<meta property=\"og:image\" content=\"https:\/\/geschwisterbuechner.de\/wp-content\/uploads\/2013\/09\/Briefmarke_Georg-293x300.jpg\" \/>\n<meta name=\"author\" content=\"peter brunner\" \/>\n<meta name=\"twitter:card\" content=\"summary_large_image\" \/>\n<meta name=\"twitter:creator\" content=\"@s_p_brunner\" \/>\n<meta name=\"twitter:site\" content=\"@s_p_brunner\" \/>\n<meta name=\"twitter:label1\" content=\"Verfasst von\" \/>\n\t<meta name=\"twitter:data1\" content=\"peter brunner\" \/>\n\t<meta name=\"twitter:label2\" content=\"Gesch\u00e4tzte Lesezeit\" \/>\n\t<meta name=\"twitter:data2\" content=\"1\u00a0Minute\" \/>\n<script type=\"application\/ld+json\" class=\"yoast-schema-graph\">{\"@context\":\"https:\\\/\\\/schema.org\",\"@graph\":[{\"@type\":\"Article\",\"@id\":\"https:\\\/\\\/geschwisterbuechner.de\\\/?p=1373#article\",\"isPartOf\":{\"@id\":\"https:\\\/\\\/geschwisterbuechner.de\\\/?p=1373\"},\"author\":{\"name\":\"peter brunner\",\"@id\":\"https:\\\/\\\/geschwisterbuechner.de\\\/#\\\/schema\\\/person\\\/ec81f262408192ea04c51ee9c89d48d9\"},\"headline\":\"Geht doch!\",\"datePublished\":\"2013-11-22T09:56:51+00:00\",\"dateModified\":\"2013-11-22T10:31:13+00:00\",\"mainEntityOfPage\":{\"@id\":\"https:\\\/\\\/geschwisterbuechner.de\\\/?p=1373\"},\"wordCount\":245,\"commentCount\":0,\"publisher\":{\"@id\":\"https:\\\/\\\/geschwisterbuechner.de\\\/#\\\/schema\\\/person\\\/ec81f262408192ea04c51ee9c89d48d9\"},\"image\":{\"@id\":\"https:\\\/\\\/geschwisterbuechner.de\\\/?p=1373#primaryimage\"},\"thumbnailUrl\":\"https:\\\/\\\/geschwisterbuechner.de\\\/wp-content\\\/uploads\\\/2013\\\/09\\\/Briefmarke_Georg-293x300.jpg\",\"articleSection\":[\"Ausstellungen\",\"B\u00fcchner\",\"Georg B\u00fcchner\"],\"inLanguage\":\"de\",\"potentialAction\":[{\"@type\":\"CommentAction\",\"name\":\"Comment\",\"target\":[\"https:\\\/\\\/geschwisterbuechner.de\\\/?p=1373#respond\"]}]},{\"@type\":\"WebPage\",\"@id\":\"https:\\\/\\\/geschwisterbuechner.de\\\/?p=1373\",\"url\":\"https:\\\/\\\/geschwisterbuechner.de\\\/?p=1373\",\"name\":\"Geht doch! - Neues aus Buechnerland\",\"isPartOf\":{\"@id\":\"https:\\\/\\\/geschwisterbuechner.de\\\/#website\"},\"primaryImageOfPage\":{\"@id\":\"https:\\\/\\\/geschwisterbuechner.de\\\/?p=1373#primaryimage\"},\"image\":{\"@id\":\"https:\\\/\\\/geschwisterbuechner.de\\\/?p=1373#primaryimage\"},\"thumbnailUrl\":\"https:\\\/\\\/geschwisterbuechner.de\\\/wp-content\\\/uploads\\\/2013\\\/09\\\/Briefmarke_Georg-293x300.jpg\",\"datePublished\":\"2013-11-22T09:56:51+00:00\",\"dateModified\":\"2013-11-22T10:31:13+00:00\",\"breadcrumb\":{\"@id\":\"https:\\\/\\\/geschwisterbuechner.de\\\/?p=1373#breadcrumb\"},\"inLanguage\":\"de\",\"potentialAction\":[{\"@type\":\"ReadAction\",\"target\":[\"https:\\\/\\\/geschwisterbuechner.de\\\/?p=1373\"]}]},{\"@type\":\"ImageObject\",\"inLanguage\":\"de\",\"@id\":\"https:\\\/\\\/geschwisterbuechner.de\\\/?p=1373#primaryimage\",\"url\":\"https:\\\/\\\/geschwisterbuechner.de\\\/wp-content\\\/uploads\\\/2013\\\/09\\\/Briefmarke_Georg.jpg\",\"contentUrl\":\"https:\\\/\\\/geschwisterbuechner.de\\\/wp-content\\\/uploads\\\/2013\\\/09\\\/Briefmarke_Georg.jpg\",\"width\":404,\"height\":413},{\"@type\":\"BreadcrumbList\",\"@id\":\"https:\\\/\\\/geschwisterbuechner.de\\\/?p=1373#breadcrumb\",\"itemListElement\":[{\"@type\":\"ListItem\",\"position\":1,\"name\":\"Startseite\",\"item\":\"https:\\\/\\\/geschwisterbuechner.de\\\/\"},{\"@type\":\"ListItem\",\"position\":2,\"name\":\"Geht doch!\"}]},{\"@type\":\"WebSite\",\"@id\":\"https:\\\/\\\/geschwisterbuechner.de\\\/#website\",\"url\":\"https:\\\/\\\/geschwisterbuechner.de\\\/\",\"name\":\"Neues aus Buechnerland\",\"description\":\"Peter Brunners Buechnerblog\",\"publisher\":{\"@id\":\"https:\\\/\\\/geschwisterbuechner.de\\\/#\\\/schema\\\/person\\\/ec81f262408192ea04c51ee9c89d48d9\"},\"potentialAction\":[{\"@type\":\"SearchAction\",\"target\":{\"@type\":\"EntryPoint\",\"urlTemplate\":\"https:\\\/\\\/geschwisterbuechner.de\\\/?s={search_term_string}\"},\"query-input\":{\"@type\":\"PropertyValueSpecification\",\"valueRequired\":true,\"valueName\":\"search_term_string\"}}],\"inLanguage\":\"de\"},{\"@type\":[\"Person\",\"Organization\"],\"@id\":\"https:\\\/\\\/geschwisterbuechner.de\\\/#\\\/schema\\\/person\\\/ec81f262408192ea04c51ee9c89d48d9\",\"name\":\"peter brunner\",\"image\":{\"@type\":\"ImageObject\",\"inLanguage\":\"de\",\"@id\":\"https:\\\/\\\/secure.gravatar.com\\\/avatar\\\/b6195224d15188d95b27ef2d5a30de7ec9d4b75805cd922fc20b18ef8165d1e4?s=96&d=mm&r=g\",\"url\":\"https:\\\/\\\/secure.gravatar.com\\\/avatar\\\/b6195224d15188d95b27ef2d5a30de7ec9d4b75805cd922fc20b18ef8165d1e4?s=96&d=mm&r=g\",\"contentUrl\":\"https:\\\/\\\/secure.gravatar.com\\\/avatar\\\/b6195224d15188d95b27ef2d5a30de7ec9d4b75805cd922fc20b18ef8165d1e4?s=96&d=mm&r=g\",\"caption\":\"peter brunner\"},\"logo\":{\"@id\":\"https:\\\/\\\/secure.gravatar.com\\\/avatar\\\/b6195224d15188d95b27ef2d5a30de7ec9d4b75805cd922fc20b18ef8165d1e4?s=96&d=mm&r=g\"},\"url\":\"https:\\\/\\\/geschwisterbuechner.de\\\/?author=379\"}]}<\/script>\n<!-- \/ Yoast SEO plugin. -->","yoast_head_json":{"title":"Geht doch!  - Neues aus Buechnerland","robots":{"index":"index","follow":"follow","max-snippet":"max-snippet:-1","max-image-preview":"max-image-preview:large","max-video-preview":"max-video-preview:-1"},"canonical":"https:\/\/geschwisterbuechner.de\/?p=1373","og_locale":"de_DE","og_type":"article","og_title":"Geht doch!  - Neues aus Buechnerland","og_description":"Claus Netuschil wollte es sich bei der Finissage seiner Ausstellung \u201eDa geht B\u00fcchner&#8220; nicht nehmen lassen, einen \u00e4rgerlichen Aspekt der B\u00fcchner-Feierei zu thematisieren: das \u00fcngl\u00fcckselige Motiv der Gedenkbriefmarke, das ich hier schon bein Erscheinen kommentiert habe. &nbsp; Die ungl\u00fcckselige W\u00fcrdigung der Verfolgung B\u00fcchners auf einem Staatspapier von 2013 &nbsp; Der Versuch der W\u00fcrdigung B\u00fcchners durch [&hellip;]","og_url":"https:\/\/geschwisterbuechner.de\/?p=1373","og_site_name":"Neues aus Buechnerland","article_published_time":"2013-11-22T09:56:51+00:00","article_modified_time":"2013-11-22T10:31:13+00:00","og_image":[{"url":"https:\/\/geschwisterbuechner.de\/wp-content\/uploads\/2013\/09\/Briefmarke_Georg-293x300.jpg","type":"","width":"","height":""}],"author":"peter brunner","twitter_card":"summary_large_image","twitter_creator":"@s_p_brunner","twitter_site":"@s_p_brunner","twitter_misc":{"Verfasst von":"peter brunner","Gesch\u00e4tzte Lesezeit":"1\u00a0Minute"},"schema":{"@context":"https:\/\/schema.org","@graph":[{"@type":"Article","@id":"https:\/\/geschwisterbuechner.de\/?p=1373#article","isPartOf":{"@id":"https:\/\/geschwisterbuechner.de\/?p=1373"},"author":{"name":"peter brunner","@id":"https:\/\/geschwisterbuechner.de\/#\/schema\/person\/ec81f262408192ea04c51ee9c89d48d9"},"headline":"Geht doch!","datePublished":"2013-11-22T09:56:51+00:00","dateModified":"2013-11-22T10:31:13+00:00","mainEntityOfPage":{"@id":"https:\/\/geschwisterbuechner.de\/?p=1373"},"wordCount":245,"commentCount":0,"publisher":{"@id":"https:\/\/geschwisterbuechner.de\/#\/schema\/person\/ec81f262408192ea04c51ee9c89d48d9"},"image":{"@id":"https:\/\/geschwisterbuechner.de\/?p=1373#primaryimage"},"thumbnailUrl":"https:\/\/geschwisterbuechner.de\/wp-content\/uploads\/2013\/09\/Briefmarke_Georg-293x300.jpg","articleSection":["Ausstellungen","B\u00fcchner","Georg B\u00fcchner"],"inLanguage":"de","potentialAction":[{"@type":"CommentAction","name":"Comment","target":["https:\/\/geschwisterbuechner.de\/?p=1373#respond"]}]},{"@type":"WebPage","@id":"https:\/\/geschwisterbuechner.de\/?p=1373","url":"https:\/\/geschwisterbuechner.de\/?p=1373","name":"Geht doch! - Neues aus Buechnerland","isPartOf":{"@id":"https:\/\/geschwisterbuechner.de\/#website"},"primaryImageOfPage":{"@id":"https:\/\/geschwisterbuechner.de\/?p=1373#primaryimage"},"image":{"@id":"https:\/\/geschwisterbuechner.de\/?p=1373#primaryimage"},"thumbnailUrl":"https:\/\/geschwisterbuechner.de\/wp-content\/uploads\/2013\/09\/Briefmarke_Georg-293x300.jpg","datePublished":"2013-11-22T09:56:51+00:00","dateModified":"2013-11-22T10:31:13+00:00","breadcrumb":{"@id":"https:\/\/geschwisterbuechner.de\/?p=1373#breadcrumb"},"inLanguage":"de","potentialAction":[{"@type":"ReadAction","target":["https:\/\/geschwisterbuechner.de\/?p=1373"]}]},{"@type":"ImageObject","inLanguage":"de","@id":"https:\/\/geschwisterbuechner.de\/?p=1373#primaryimage","url":"https:\/\/geschwisterbuechner.de\/wp-content\/uploads\/2013\/09\/Briefmarke_Georg.jpg","contentUrl":"https:\/\/geschwisterbuechner.de\/wp-content\/uploads\/2013\/09\/Briefmarke_Georg.jpg","width":404,"height":413},{"@type":"BreadcrumbList","@id":"https:\/\/geschwisterbuechner.de\/?p=1373#breadcrumb","itemListElement":[{"@type":"ListItem","position":1,"name":"Startseite","item":"https:\/\/geschwisterbuechner.de\/"},{"@type":"ListItem","position":2,"name":"Geht doch!"}]},{"@type":"WebSite","@id":"https:\/\/geschwisterbuechner.de\/#website","url":"https:\/\/geschwisterbuechner.de\/","name":"Neues aus Buechnerland","description":"Peter Brunners Buechnerblog","publisher":{"@id":"https:\/\/geschwisterbuechner.de\/#\/schema\/person\/ec81f262408192ea04c51ee9c89d48d9"},"potentialAction":[{"@type":"SearchAction","target":{"@type":"EntryPoint","urlTemplate":"https:\/\/geschwisterbuechner.de\/?s={search_term_string}"},"query-input":{"@type":"PropertyValueSpecification","valueRequired":true,"valueName":"search_term_string"}}],"inLanguage":"de"},{"@type":["Person","Organization"],"@id":"https:\/\/geschwisterbuechner.de\/#\/schema\/person\/ec81f262408192ea04c51ee9c89d48d9","name":"peter brunner","image":{"@type":"ImageObject","inLanguage":"de","@id":"https:\/\/secure.gravatar.com\/avatar\/b6195224d15188d95b27ef2d5a30de7ec9d4b75805cd922fc20b18ef8165d1e4?s=96&d=mm&r=g","url":"https:\/\/secure.gravatar.com\/avatar\/b6195224d15188d95b27ef2d5a30de7ec9d4b75805cd922fc20b18ef8165d1e4?s=96&d=mm&r=g","contentUrl":"https:\/\/secure.gravatar.com\/avatar\/b6195224d15188d95b27ef2d5a30de7ec9d4b75805cd922fc20b18ef8165d1e4?s=96&d=mm&r=g","caption":"peter brunner"},"logo":{"@id":"https:\/\/secure.gravatar.com\/avatar\/b6195224d15188d95b27ef2d5a30de7ec9d4b75805cd922fc20b18ef8165d1e4?s=96&d=mm&r=g"},"url":"https:\/\/geschwisterbuechner.de\/?author=379"}]}},"_links":{"self":[{"href":"https:\/\/geschwisterbuechner.de\/index.php?rest_route=\/wp\/v2\/posts\/1373","targetHints":{"allow":["GET"]}}],"collection":[{"href":"https:\/\/geschwisterbuechner.de\/index.php?rest_route=\/wp\/v2\/posts"}],"about":[{"href":"https:\/\/geschwisterbuechner.de\/index.php?rest_route=\/wp\/v2\/types\/post"}],"author":[{"embeddable":true,"href":"https:\/\/geschwisterbuechner.de\/index.php?rest_route=\/wp\/v2\/users\/379"}],"replies":[{"embeddable":true,"href":"https:\/\/geschwisterbuechner.de\/index.php?rest_route=%2Fwp%2Fv2%2Fcomments&post=1373"}],"version-history":[{"count":5,"href":"https:\/\/geschwisterbuechner.de\/index.php?rest_route=\/wp\/v2\/posts\/1373\/revisions"}],"predecessor-version":[{"id":1386,"href":"https:\/\/geschwisterbuechner.de\/index.php?rest_route=\/wp\/v2\/posts\/1373\/revisions\/1386"}],"wp:attachment":[{"href":"https:\/\/geschwisterbuechner.de\/index.php?rest_route=%2Fwp%2Fv2%2Fmedia&parent=1373"}],"wp:term":[{"taxonomy":"category","embeddable":true,"href":"https:\/\/geschwisterbuechner.de\/index.php?rest_route=%2Fwp%2Fv2%2Fcategories&post=1373"},{"taxonomy":"post_tag","embeddable":true,"href":"https:\/\/geschwisterbuechner.de\/index.php?rest_route=%2Fwp%2Fv2%2Ftags&post=1373"}],"curies":[{"name":"wp","href":"https:\/\/api.w.org\/{rel}","templated":true}]}}